{"id":1022,"date":"2024-02-28T09:00:51","date_gmt":"2024-02-28T08:00:51","guid":{"rendered":"https:\/\/swp-dev.com\/asaf-test\/?p=1022"},"modified":"2024-03-13T17:01:25","modified_gmt":"2024-03-13T16:01:25","slug":"fin-de-confusion-dans-la-reserve-citoyenne-fevrier-2024","status":"publish","type":"post","link":"https:\/\/swp-dev.com\/asaf-test\/fin-de-confusion-dans-la-reserve-citoyenne-fevrier-2024\/","title":{"rendered":"\u00ab\u00a0Fin de confusion dans la r\u00e9serve citoyenne\u00a0\u00bb (F\u00e9vrier 2024)"},"content":{"rendered":"<p><img loading=\"lazy\" decoding=\"async\" class=\"alignleft size-medium wp-image-1023\" src=\"https:\/\/swp-dev.com\/asaf-test\/wp-content\/uploads\/2024\/03\/l-oeil-de-l-asaf-600x436-1-300x218.jpg\" alt=\"\" width=\"300\" height=\"218\" \/>Le G\u00e9n\u00e9ral BURKHARD, Chef d\u2019\u00c9tat-Major des Arm\u00e9es (CEMA)\u00ab a d\u00e9cid\u00e9 de mettre fin \u00e0 l\u2019attribution des grades honorifiques aux r\u00e9servistes citoyens de d\u00e9fense et de s\u00e9curit\u00e9 agr\u00e9\u00e9s au sein des arm\u00e9es et formations rattach\u00e9es plac\u00e9es sous son autorit\u00e9 \u00bb.<\/p>\n<p>\u00ab\u00a0Fin de confusion dans la r\u00e9serve citoyenne\u00a0\u00bb (F\u00e9vrier 2024)<\/p>\n<p>L\u2019Association de Soutien \u00e0 l\u2019Arm\u00e9e Fran\u00e7aise (ASAF) est tr\u00e8s satisfaite de la suppression des grades honorifiques attribu\u00e9s \u00e0 la R\u00e9serve Citoyenne de d\u00e9fense et de s\u00e9curit\u00e9.<\/p>\n<p>En effet l\u2019attribution de ces distinctions a donn\u00e9 lieu \u00e0 des abus pr\u00e9judiciables \u00e0 l\u2019institution militaire.<\/p>\n<p>D\u00c9FINITION :<\/p>\n<p>La R\u00e9serve Citoyenne de d\u00e9fense et de s\u00e9curit\u00e9 regroupe des volontaires agr\u00e9\u00e9s par l\u2019autorit\u00e9 militaire en raison de leurs comp\u00e9tences, exp\u00e9rience et int\u00e9r\u00eat port\u00e9 \u00e0 la d\u00e9fense nationale. Ils sont convoqu\u00e9s pour des missions ponctuelles. Leur agr\u00e9ment est valable 3 ans et renouvelable.<\/p>\n<p>Des grades leur \u00e9taient attribu\u00e9s \u00e0 titre honorifique.<\/p>\n<p>CONSTAT :<\/p>\n<p>Dans sa circulaire N\u00b0 D-24-000291\/ARM\/CEMA\/CAB\/NP du 25 janvier 2014, le G\u00e9n\u00e9ral BURKHARD, Chef d\u2019\u00c9tat-Major des Arm\u00e9es (CEMA) a constat\u00e9 que les \u00ab grades attribu\u00e9s \u00e0 titre honorifique aux r\u00e9servistes citoyens de d\u00e9fense et de s\u00e9curit\u00e9 (RCDS) et leur droit de port induisent une confusion entre les diff\u00e9rents types de r\u00e9serves, voire avec le personnel militaire d\u2019active, et cr\u00e9ent des incompr\u00e9hensions pr\u00e9judiciables \u00e0 la coh\u00e9rence de l\u2019ensemble \u00bb.<\/p>\n<p>D\u00c9CISION :<\/p>\n<p>En cons\u00e9quence, il \u00ab a d\u00e9cid\u00e9 de mettre fin \u00e0 l\u2019attribution des grades honorifiques aux r\u00e9servistes citoyens de d\u00e9fense et de s\u00e9curit\u00e9 agr\u00e9\u00e9s au sein des arm\u00e9es et formations rattach\u00e9es plac\u00e9es sous son autorit\u00e9 \u00bb.<\/p>\n<p>Cette d\u00e9cision est applicable depuis le 1er f\u00e9vrier 2024.<\/p>\n<p>CONCLUSION DE L\u2019ASAF :<\/p>\n<p>Soit, le citoyen r\u00e9serviste, titulaire d\u2019un agr\u00e9ment ou sollicitant un renouvellement d\u2019agr\u00e9ment, accepte cette mesure restrictive car il estime d\u2019abord de son devoir de participer \u00e0 la d\u00e9fense de la France.<br \/>\nSoit, d\u00e9sormais priv\u00e9 de son titre honorifique qui le mettait en valeur, il quitte la r\u00e9serve citoyenne, prouvant ainsi qu\u2019il cherchait d\u2018abord \u00e0 \u00eatre reconnu plut\u00f4t qu\u2019\u00e0 servir sa Patrie.<br \/>\nAinsi selon son choix, chaque citoyen r\u00e9serviste montrera r\u00e9ellement sa motivation profonde et son degr\u00e9 d\u2019engagement dans l\u2019esprit de d\u00e9fense de la Nation.<\/p>\n<p>R\u00e9daction de l\u2019ASAF<br \/>\nwww.asafrance.fr<\/p>\n","protected":false},"excerpt":{"rendered":"<p>Le G\u00e9n\u00e9ral BURKHARD, Chef d\u2019\u00c9tat-Major des Arm\u00e9es (CEMA)\u00ab a d\u00e9cid\u00e9 de mettre fin \u00e0 l\u2019attribution des grades honorifiques aux r\u00e9servistes citoyens de d\u00e9fense et de s\u00e9curit\u00e9 agr\u00e9\u00e9s au sein des arm\u00e9es et formations rattach\u00e9es plac\u00e9es sous son autorit\u00e9 \u00bb. \u00ab\u00a0Fin de confusion dans la r\u00e9serve citoyenne\u00a0\u00bb (F\u00e9vrier 2024) L\u2019Association de Soutien \u00e0 l\u2019Arm\u00e9e Fran\u00e7aise (ASAF) [&hellip;]<\/p>\n","protected":false},"author":1,"featured_media":1023,"comment_status":"closed","ping_status":"open","sticky":false,"template":"","format":"standard","meta":{"_et_pb_use_builder":"","_et_pb_old_content":"","_et_gb_content_width":"","footnotes":""},"categories":[17,20],"tags":[],"class_list":["post-1022","post","type-post","status-publish","format-standard","has-post-thumbnail","hentry","category-actualites","category-oeil-de-lasaf"],"_links":{"self":[{"href":"https:\/\/swp-dev.com\/asaf-test\/wp-json\/wp\/v2\/posts\/1022","targetHints":{"allow":["GET"]}}],"collection":[{"href":"https:\/\/swp-dev.com\/asaf-test\/wp-json\/wp\/v2\/posts"}],"about":[{"href":"https:\/\/swp-dev.com\/asaf-test\/wp-json\/wp\/v2\/types\/post"}],"author":[{"embeddable":true,"href":"https:\/\/swp-dev.com\/asaf-test\/wp-json\/wp\/v2\/users\/1"}],"replies":[{"embeddable":true,"href":"https:\/\/swp-dev.com\/asaf-test\/wp-json\/wp\/v2\/comments?post=1022"}],"version-history":[{"count":1,"href":"https:\/\/swp-dev.com\/asaf-test\/wp-json\/wp\/v2\/posts\/1022\/revisions"}],"predecessor-version":[{"id":1024,"href":"https:\/\/swp-dev.com\/asaf-test\/wp-json\/wp\/v2\/posts\/1022\/revisions\/1024"}],"wp:featuredmedia":[{"embeddable":true,"href":"https:\/\/swp-dev.com\/asaf-test\/wp-json\/wp\/v2\/media\/1023"}],"wp:attachment":[{"href":"https:\/\/swp-dev.com\/asaf-test\/wp-json\/wp\/v2\/media?parent=1022"}],"wp:term":[{"taxonomy":"category","embeddable":true,"href":"https:\/\/swp-dev.com\/asaf-test\/wp-json\/wp\/v2\/categories?post=1022"},{"taxonomy":"post_tag","embeddable":true,"href":"https:\/\/swp-dev.com\/asaf-test\/wp-json\/wp\/v2\/tags?post=1022"}],"curies":[{"name":"wp","href":"https:\/\/api.w.org\/{rel}","templated":true}]}}