{"id":1269,"date":"2024-03-11T16:55:32","date_gmt":"2024-03-11T15:55:32","guid":{"rendered":"https:\/\/swp-dev.com\/asaf-test\/?p=1269"},"modified":"2024-04-17T12:53:08","modified_gmt":"2024-04-17T10:53:08","slug":"innovationexperience-alpha-un-dispositif-inedit-melant-innovation-et-recrutement","status":"publish","type":"post","link":"https:\/\/swp-dev.com\/asaf-test\/innovationexperience-alpha-un-dispositif-inedit-melant-innovation-et-recrutement\/","title":{"rendered":"<strong>INNOVATION<\/strong><br>Exp\u00e9rience ALPHA : un dispositif in\u00e9dit m\u00ealant innovation et recrutement"},"content":{"rendered":"<p><img loading=\"lazy\" decoding=\"async\" class=\"alignleft size-full wp-image-1270\" src=\"https:\/\/swp-dev.com\/asaf-test\/wp-content\/uploads\/2024\/03\/innovation-experience-lpha.jpg\" alt=\"\" width=\"400\" height=\"224\" srcset=\"https:\/\/swp-dev.com\/asaf-test\/wp-content\/uploads\/2024\/03\/innovation-experience-lpha.jpg 400w, https:\/\/swp-dev.com\/asaf-test\/wp-content\/uploads\/2024\/03\/innovation-experience-lpha-300x168.jpg 300w\" sizes=\"auto, (max-width: 400px) 100vw, 400px\" \/>Le 2 mars 2024, l\u2019arm\u00e9e de l\u2019Air et de l\u2019Espace (AAE) a organis\u00e9 la premi\u00e8re \u00e9dition de l\u2019Exp\u00e9rience ALPHA. L\u2019objectif : mettre en avant les nombreux m\u00e9tiers de l\u2019arm\u00e9e de l\u2019Air et de l\u2019Espace aupr\u00e8s des 1500 visiteurs \u00e2g\u00e9s de 16 \u00e0 30 ans.<\/p>\n<p>Durant cette journ\u00e9e, huit sp\u00e9cialit\u00e9s ont \u00e9t\u00e9 pr\u00e9sent\u00e9es avec pour chacune d\u2019entre elles une activit\u00e9 interactive mise en place : simulateur de vol, d\u00e9couverte des tenues des fusiliers commandos, atelier de d\u00e9cryptage de donn\u00e9es&#8230; Les visiteurs ont \u00e9galement eu la possibilit\u00e9 de rencontrer les \u00e9coles de l\u2019AAE et de r\u00e9aliser un rendez-vous personnalis\u00e9 avec un conseiller en recrutement en fin de parcours. Au total, 205 entretiens ont \u00e9t\u00e9 r\u00e9alis\u00e9s gr\u00e2ce \u00e0 notre partenaire INDEED et l\u2019ensemble de nos conseillers en recrutement.<\/p>\n<p>En compl\u00e9ment, dix influenceurs \u00e9taient pr\u00e9sents tout au long de la journ\u00e9e (Michou, Vargasss, Shayvise&#8230;). Une conf\u00e9rence a \u00e9t\u00e9 anim\u00e9e par Jamy Gourmaud et plusieurs personnels de l\u2019AAE sont intervenus : le G\u00e9n\u00e9ral de brigade A\u00e9rienne Fr\u00e9d\u00e9rick Devanlay, la capitaine Vanille, le lieutenant Samuel, le lieutenant Kevin ainsi que l\u2019adjudant Alicia.<\/p>\n<p>Cette r\u00e9ussite a \u00e9t\u00e9 possible gr\u00e2ce \u00e0 la mobilisation de plus de 50 personnels de l\u2019arm\u00e9e de l\u2019Air et de l\u2019Espace et de nos collaborateurs, Webedia et Dentsu.<\/p>\n<p style=\"text-align: right;\">Arm\u00e9e de l&rsquo;Air et de l&rsquo;Espace<br \/>\n11\/03\/24<\/p>\n<p style=\"text-align: right;\">Source photo : \u00a9 Minist\u00e8re des Arm\u00e9es \/ Arm\u00e9e de l&rsquo;Air et de l&rsquo;Espace<\/p>\n","protected":false},"excerpt":{"rendered":"<p>Le 2 mars 2024, l\u2019arm\u00e9e de l\u2019Air et de l\u2019Espace (AAE) a organis\u00e9 la premi\u00e8re \u00e9dition de l\u2019Exp\u00e9rience ALPHA. L\u2019objectif : mettre en avant les nombreux m\u00e9tiers de l\u2019arm\u00e9e de l\u2019Air et de l\u2019Espace aupr\u00e8s des 1500 visiteurs \u00e2g\u00e9s de 16 \u00e0 30 ans. Durant cette journ\u00e9e, huit sp\u00e9cialit\u00e9s ont \u00e9t\u00e9 pr\u00e9sent\u00e9es avec pour chacune [&hellip;]<\/p>\n","protected":false},"author":1,"featured_media":1270,"comment_status":"closed","ping_status":"open","sticky":false,"template":"","format":"standard","meta":{"_et_pb_use_builder":"","_et_pb_old_content":"","_et_gb_content_width":"","footnotes":""},"categories":[17],"tags":[],"class_list":["post-1269","post","type-post","status-publish","format-standard","has-post-thumbnail","hentry","category-actualites"],"_links":{"self":[{"href":"https:\/\/swp-dev.com\/asaf-test\/wp-json\/wp\/v2\/posts\/1269","targetHints":{"allow":["GET"]}}],"collection":[{"href":"https:\/\/swp-dev.com\/asaf-test\/wp-json\/wp\/v2\/posts"}],"about":[{"href":"https:\/\/swp-dev.com\/asaf-test\/wp-json\/wp\/v2\/types\/post"}],"author":[{"embeddable":true,"href":"https:\/\/swp-dev.com\/asaf-test\/wp-json\/wp\/v2\/users\/1"}],"replies":[{"embeddable":true,"href":"https:\/\/swp-dev.com\/asaf-test\/wp-json\/wp\/v2\/comments?post=1269"}],"version-history":[{"count":3,"href":"https:\/\/swp-dev.com\/asaf-test\/wp-json\/wp\/v2\/posts\/1269\/revisions"}],"predecessor-version":[{"id":2140,"href":"https:\/\/swp-dev.com\/asaf-test\/wp-json\/wp\/v2\/posts\/1269\/revisions\/2140"}],"wp:featuredmedia":[{"embeddable":true,"href":"https:\/\/swp-dev.com\/asaf-test\/wp-json\/wp\/v2\/media\/1270"}],"wp:attachment":[{"href":"https:\/\/swp-dev.com\/asaf-test\/wp-json\/wp\/v2\/media?parent=1269"}],"wp:term":[{"taxonomy":"category","embeddable":true,"href":"https:\/\/swp-dev.com\/asaf-test\/wp-json\/wp\/v2\/categories?post=1269"},{"taxonomy":"post_tag","embeddable":true,"href":"https:\/\/swp-dev.com\/asaf-test\/wp-json\/wp\/v2\/tags?post=1269"}],"curies":[{"name":"wp","href":"https:\/\/api.w.org\/{rel}","templated":true}]}}