{"id":1273,"date":"2024-03-12T16:56:43","date_gmt":"2024-03-12T15:56:43","guid":{"rendered":"https:\/\/swp-dev.com\/asaf-test\/?p=1273"},"modified":"2024-04-17T12:52:44","modified_gmt":"2024-04-17T10:52:44","slug":"ia-sebastien-lecornu-lance-la-strategie-ministerielle-sur-lintelligence-artificielle","status":"publish","type":"post","link":"https:\/\/swp-dev.com\/asaf-test\/ia-sebastien-lecornu-lance-la-strategie-ministerielle-sur-lintelligence-artificielle\/","title":{"rendered":"<strong>INTELLIGENCE ARTIFICIELLE<\/strong><br>S\u00e9bastien LECORNU lance la strat\u00e9gie minist\u00e9rielle sur l\u2019intelligence artificielle"},"content":{"rendered":"<p><strong><img loading=\"lazy\" decoding=\"async\" class=\"alignleft size-full wp-image-1274\" src=\"https:\/\/swp-dev.com\/asaf-test\/wp-content\/uploads\/2024\/03\/ia-Sebastion_Lecornu_-_Ecole_Polytechnique.jpg\" alt=\"\" width=\"400\" height=\"224\" srcset=\"https:\/\/swp-dev.com\/asaf-test\/wp-content\/uploads\/2024\/03\/ia-Sebastion_Lecornu_-_Ecole_Polytechnique.jpg 400w, https:\/\/swp-dev.com\/asaf-test\/wp-content\/uploads\/2024\/03\/ia-Sebastion_Lecornu_-_Ecole_Polytechnique-300x168.jpg 300w\" sizes=\"auto, (max-width: 400px) 100vw, 400px\" \/>Le ministre des Arm\u00e9es a d\u00e9voil\u00e9, ce vendredi 8 mars, la strat\u00e9gie minist\u00e9rielle relative \u00e0 l\u2019intelligence artificielle. Une annonce faite sur le site de l\u2019\u00c9cole<\/strong>\u00a0<strong>polytechnique, \u00e0 l&rsquo;endroit m\u00eame o\u00f9 sera bient\u00f4t implant\u00e9 le p\u00f4le \u00ab\u00a0recherche\u00a0\u00bb de l\u2019Agence minist\u00e9rielle pour l\u2019IA de d\u00e9fense (AMIAD). Explications.<\/strong><\/p>\n<p>Largement utilis\u00e9e sur le champ de bataille en Ukraine, l\u2019intelligence artificielle (IA) est d\u00e9j\u00e0 une r\u00e9alit\u00e9 au minist\u00e8re des Arm\u00e9es. D\u00e8s 2018, ce dernier avait r\u00e9dig\u00e9 une feuille de route pour y d\u00e9finir son d\u00e9veloppement. Mais l\u2019IA doit dor\u00e9navant passer \u00e0 l&rsquo;\u00e9chelle industrielle. Traduction\u00a0: se r\u00e9pandre dans les t\u00e2ches administratives comme dans les missions op\u00e9rationnelles. C\u2019\u00e9tait l\u00e0 tout l\u2019objectif derri\u00e8re la visite du ministre des Arm\u00e9es, ce vendredi 8 mars, sur le site de l\u2019\u00c9cole polytechnique, \u00e0 Palaiseau (Essonne). S\u00e9bastien Lecornu est en effet venu pr\u00e9senter la strat\u00e9gie minist\u00e9rielle en mati\u00e8re d\u2019intelligence artificielle. En ligne de mire\u00a0: l&rsquo;orientation, l&rsquo;anticipation et l&rsquo;acc\u00e9l\u00e9ration de l\u2019utilisation d\u2019une \u00ab\u00a0IA de d\u00e9fense\u00a0\u00bb cr\u00e9dible et performante gr\u00e2ce \u00e0 la centralisation des moyens qui lui sont d\u00e9di\u00e9s.<\/p>\n<p>\u00ab\u00a0<em>Les Arm\u00e9es doivent prendre le virage de l\u2019intelligence artificielle. C\u2019est pourquoi j\u2019annonce la cr\u00e9ation d\u2019une nouvelle Agence minist\u00e9rielle pour l\u2019IA de d\u00e9fense (AMIAD) avant cet \u00e9t\u00e9<\/em>, a d\u00e9clar\u00e9 le ministre des Arm\u00e9es sur la place d\u2019armes de la c\u00e9l\u00e8bre \u00e9cole d\u2019ing\u00e9nieur.\u00a0<em>Elle aura pour mission de permettre \u00e0 la France de ma\u00eetriser souverainement ces technologies pour ne pas d\u00e9pendre des autres puissances<\/em>.\u00a0\u00bb Cette agence, dont le volet \u00ab\u00a0recherche\u00a0\u00bb sera bas\u00e9 sur le site de l\u2019\u00e9tablissement et dont le volet\u00a0 \u00ab\u00a0production\u00a0\u00bb sera install\u00e9 \u00e0 Bruz (Ille-et-Vilaine) devrait compter, \u00e0 terme, 300 personnes dont de nombreux chercheurs.<\/p>\n<p>\u00ab\u00a0<em>Le saut technologique que repr\u00e9sente l\u2019intelligence artificielle est sans doute celui qui r\u00e9volutionnera la mani\u00e8re de faire la guerre. Ou m\u00eame, plus important encore, de l\u2019\u00e9viter comme l\u2019atome en son temps<\/em>\u00a0\u00bb, a \u00e9galement rappel\u00e9 S\u00e9bastien Lecornu.<\/p>\n<p>Une multitude de projets autour de l\u2019IA sont d\u2019ores et d\u00e9j\u00e0 en cours de d\u00e9veloppement, \u00e0 l\u2019image de celui visant \u00e0 produire une solution d\u2019analyse automatis\u00e9e de l\u2019acoustique sous-marine dans le but d\u2019assister le travail des \u00ab oreilles d\u2019or<sup>1<\/sup>\u00a0\u00bb de la Marine nationale.<\/p>\n<p>Autre priorit\u00e9 du minist\u00e8re des Arm\u00e9es\u00a0: disposer, d\u00e8s 2025, de son propre supercalculateur<sup>2<\/sup>. Ce sera tout simplement le plus gros d\u00e9di\u00e9 \u00e0 l\u2019IA et classifi\u00e9 en Europe\u00a0! Bas\u00e9e \u00e0 Suresnes (Hauts-de-Seine), la machine sera capable de traiter des donn\u00e9es secret d\u00e9fense et \u00ab non prot\u00e9g\u00e9es \u00bb. Surtout, le supercalculateur pourra aussi \u00eatre utilis\u00e9 par les entreprises de la base industrielle et technologique de d\u00e9fense.<\/p>\n<p>Pour rappel, la loi de finances pour 2024 consacre 130 millions d\u2019euros \u00e0 l\u2019IA de d\u00e9fense. Un budget qui sera doubl\u00e9 d\u2019ici la fin de la loi de programmation militaire 2024-2030, qui pr\u00e9voit un total de 2 milliards d\u2019euros d\u00e9di\u00e9s au domaine. En 2026, pr\u00e8s de 800 personnes travailleront sur l\u2019IA au minist\u00e8re des Arm\u00e9es.<\/p>\n<p>Besoin d\u2019informations ou envie de nous rejoindre\u00a0? \u00c9crivez \u00e0\u00a0<a href=\"mailto:ia@def.gouv.fr\">ia@def.gouv.fr<\/a><\/p>\n<p><sup><strong>1\u00a0<\/strong><\/sup>Le r\u00f4le des \u00ab\u00a0oreilles d\u2019or\u00a0\u00bb est d\u2019\u00e9couter et d\u2019analyser le moindre bruit capt\u00e9 en mer afin de d\u00e9tecter d\u2019\u00e9ventuelles menaces.<\/p>\n<p><sup><strong>2\u00a0<\/strong><\/sup>Un supercalculateur est un tr\u00e8s grand ordinateur renfermant plusieurs dizaines de milliers de processeurs. Il est donc capable de r\u00e9aliser un tr\u00e8s grand nombre d\u2019op\u00e9rations de calcul ou de traitement de donn\u00e9es simultan\u00e9ment.<\/p>\n<p style=\"text-align: right;\"><strong><a href=\"https:\/\/www.defense.gouv.fr\/actualites\/sebastien-lecornu-lance-strategie-ministerielle-lintelligence-artificielle\" target=\"_blank\" rel=\"noopener\">Minist\u00e8re des Arm\u00e9es<\/a><\/strong><br \/>\n08\/03\/24<\/p>\n<p><em>Source photo :\u00a0<a href=\"https:\/\/www.defense.gouv.fr\/actualites\/sebastien-lecornu-lance-strategie-ministerielle-lintelligence-artificielle\" target=\"_blank\" rel=\"noopener\">@ Minist\u00e8re des Arm\u00e9es<br \/>\n<\/a>L\u00e9gende photo :\u00a0Le ministre des Arm\u00e9es en visite sur le site de l\u2019Ecole polytechnique, \u00e0 Palaiseau (Essonne)<\/em><\/p>\n","protected":false},"excerpt":{"rendered":"<p>Le ministre des Arm\u00e9es a d\u00e9voil\u00e9, ce vendredi 8 mars, la strat\u00e9gie minist\u00e9rielle relative \u00e0 l\u2019intelligence artificielle. Une annonce faite sur le site de l\u2019\u00c9cole\u00a0polytechnique, \u00e0 l&rsquo;endroit m\u00eame o\u00f9 sera bient\u00f4t implant\u00e9 le p\u00f4le \u00ab\u00a0recherche\u00a0\u00bb de l\u2019Agence minist\u00e9rielle pour l\u2019IA de d\u00e9fense (AMIAD). Explications. Largement utilis\u00e9e sur le champ de bataille en Ukraine, l\u2019intelligence artificielle [&hellip;]<\/p>\n","protected":false},"author":1,"featured_media":1274,"comment_status":"closed","ping_status":"open","sticky":false,"template":"","format":"standard","meta":{"_et_pb_use_builder":"","_et_pb_old_content":"","_et_gb_content_width":"","footnotes":""},"categories":[17],"tags":[],"class_list":["post-1273","post","type-post","status-publish","format-standard","has-post-thumbnail","hentry","category-actualites"],"_links":{"self":[{"href":"https:\/\/swp-dev.com\/asaf-test\/wp-json\/wp\/v2\/posts\/1273","targetHints":{"allow":["GET"]}}],"collection":[{"href":"https:\/\/swp-dev.com\/asaf-test\/wp-json\/wp\/v2\/posts"}],"about":[{"href":"https:\/\/swp-dev.com\/asaf-test\/wp-json\/wp\/v2\/types\/post"}],"author":[{"embeddable":true,"href":"https:\/\/swp-dev.com\/asaf-test\/wp-json\/wp\/v2\/users\/1"}],"replies":[{"embeddable":true,"href":"https:\/\/swp-dev.com\/asaf-test\/wp-json\/wp\/v2\/comments?post=1273"}],"version-history":[{"count":5,"href":"https:\/\/swp-dev.com\/asaf-test\/wp-json\/wp\/v2\/posts\/1273\/revisions"}],"predecessor-version":[{"id":2139,"href":"https:\/\/swp-dev.com\/asaf-test\/wp-json\/wp\/v2\/posts\/1273\/revisions\/2139"}],"wp:featuredmedia":[{"embeddable":true,"href":"https:\/\/swp-dev.com\/asaf-test\/wp-json\/wp\/v2\/media\/1274"}],"wp:attachment":[{"href":"https:\/\/swp-dev.com\/asaf-test\/wp-json\/wp\/v2\/media?parent=1273"}],"wp:term":[{"taxonomy":"category","embeddable":true,"href":"https:\/\/swp-dev.com\/asaf-test\/wp-json\/wp\/v2\/categories?post=1273"},{"taxonomy":"post_tag","embeddable":true,"href":"https:\/\/swp-dev.com\/asaf-test\/wp-json\/wp\/v2\/tags?post=1273"}],"curies":[{"name":"wp","href":"https:\/\/api.w.org\/{rel}","templated":true}]}}