{"id":1347,"date":"2024-03-26T08:00:58","date_gmt":"2024-03-26T07:00:58","guid":{"rendered":"https:\/\/swp-dev.com\/asaf-test\/?p=1347"},"modified":"2024-04-17T12:52:25","modified_gmt":"2024-04-17T10:52:25","slug":"haiti-le-pha-tonnerre-a-evacue-des-francais-vers-fort-de-france","status":"publish","type":"post","link":"https:\/\/swp-dev.com\/asaf-test\/haiti-le-pha-tonnerre-a-evacue-des-francais-vers-fort-de-france\/","title":{"rendered":"<strong>HA\u00efTI<\/strong><br>Le PHA Tonnerre a \u00e9vacu\u00e9 des Fran\u00e7ais vers Fort-de-France"},"content":{"rendered":"<p><a href=\"https:\/\/swp-dev.com\/asaf-test\/wp-content\/uploads\/2024\/03\/logo-marine_nationale.jpg\"><img loading=\"lazy\" decoding=\"async\" class=\"alignleft size-medium wp-image-1348\" src=\"https:\/\/swp-dev.com\/asaf-test\/wp-content\/uploads\/2024\/03\/logo-marine_nationale-300x300.jpg\" alt=\"\" width=\"300\" height=\"300\" srcset=\"https:\/\/swp-dev.com\/asaf-test\/wp-content\/uploads\/2024\/03\/logo-marine_nationale-300x300.jpg 300w, https:\/\/swp-dev.com\/asaf-test\/wp-content\/uploads\/2024\/03\/logo-marine_nationale-150x150.jpg 150w, https:\/\/swp-dev.com\/asaf-test\/wp-content\/uploads\/2024\/03\/logo-marine_nationale.jpg 400w\" sizes=\"auto, (max-width: 300px) 100vw, 300px\" \/><\/a>Les ressortissants fran\u00e7ais les plus vuln\u00e9rables qui ont souhait\u00e9 quitter Ha\u00efti avec l&rsquo;aide du gouvernement fran\u00e7ais ont pu rejoindre un b\u00e2timent de la marine nationale qui va les transporter \u00ab\u00a0prochainement\u00a0\u00bb \u00e0 Fort-de-France. Quelque 1 100 Fran\u00e7ais, dont un grand nombre de binationaux, vivent en Ha\u00efti, selon les chiffres du Quai d&rsquo;Orsay (photo EMA).<\/p>\n<p>L&rsquo;op\u00e9ration fran\u00e7aise a \u00e9t\u00e9 r\u00e9alis\u00e9 \u00e0 partir du porte-h\u00e9licopt\u00e8res amphibie\u00a0<em>Tonnerre\u00a0<\/em>qui \u00e9tait dans la zone dans le cadre de la mission Jeanne d&rsquo;arc. Pour rappel, du 12 au 15 mars, compos\u00e9 du porte-h\u00e9licopt\u00e8res amphibie\u00a0<em>Tonnerre<\/em>\u00a0et de la Fr\u00e9gate de type La Fayette\u00a0<em>Gu\u00e9pratte<\/em>, le groupe Jeanne d\u2019Arc 24 a r\u00e9alis\u00e9 \u00e0 Fort-de-France une escale technique durant laquelle des op\u00e9rations logistiques et de ravitaillement ont \u00e9t\u00e9 conduites.<\/p>\n<p>Plusieurs autres pays ont annonc\u00e9 l&rsquo;\u00e9vacuation de ressortissants, dont les Etats-Unis et l&rsquo;Allemagne.<\/p>\n<p>Pour sa part, le Canada a affr\u00e9t\u00e9 des h\u00e9licopt\u00e8res pour \u00e9vacuer ses premiers ressortissants install\u00e9s en Ha\u00efti apr\u00e8s que les liaisons a\u00e9riennes commerciales avec Port-au-Prince ont \u00e9t\u00e9 coup\u00e9es. Dans l&rsquo;imm\u00e9diat, 30 Canadiens ont demand\u00e9 de l&rsquo;aide du gouvernement pour quitter ce pays des Cara\u00efbes en urgence. Au total, environ 3 000 Canadiens se trouvent en Ha\u00efti.<\/p>\n<p>&nbsp;<\/p>\n<p><strong>Philippe CHAPLEAU<\/strong><br \/>\n<em><a href=\"https:\/\/lignesdedefense.blogs.ouest-france.fr\/archive\/2024\/03\/26\/haiti-24512.html\" target=\"_blank\" rel=\"noopener\">Lignes de d\u00e9fense<\/a><\/em><\/p>\n","protected":false},"excerpt":{"rendered":"<p>Les ressortissants fran\u00e7ais les plus vuln\u00e9rables qui ont souhait\u00e9 quitter Ha\u00efti avec l&rsquo;aide du gouvernement fran\u00e7ais ont pu rejoindre un b\u00e2timent de la marine nationale qui va les transporter \u00ab\u00a0prochainement\u00a0\u00bb \u00e0 Fort-de-France. Quelque 1 100 Fran\u00e7ais, dont un grand nombre de binationaux, vivent en Ha\u00efti, selon les chiffres du Quai d&rsquo;Orsay (photo EMA). L&rsquo;op\u00e9ration fran\u00e7aise [&hellip;]<\/p>\n","protected":false},"author":1,"featured_media":1348,"comment_status":"closed","ping_status":"open","sticky":false,"template":"","format":"standard","meta":{"_et_pb_use_builder":"","_et_pb_old_content":"","_et_gb_content_width":"","footnotes":""},"categories":[17],"tags":[],"class_list":["post-1347","post","type-post","status-publish","format-standard","has-post-thumbnail","hentry","category-actualites"],"_links":{"self":[{"href":"https:\/\/swp-dev.com\/asaf-test\/wp-json\/wp\/v2\/posts\/1347","targetHints":{"allow":["GET"]}}],"collection":[{"href":"https:\/\/swp-dev.com\/asaf-test\/wp-json\/wp\/v2\/posts"}],"about":[{"href":"https:\/\/swp-dev.com\/asaf-test\/wp-json\/wp\/v2\/types\/post"}],"author":[{"embeddable":true,"href":"https:\/\/swp-dev.com\/asaf-test\/wp-json\/wp\/v2\/users\/1"}],"replies":[{"embeddable":true,"href":"https:\/\/swp-dev.com\/asaf-test\/wp-json\/wp\/v2\/comments?post=1347"}],"version-history":[{"count":2,"href":"https:\/\/swp-dev.com\/asaf-test\/wp-json\/wp\/v2\/posts\/1347\/revisions"}],"predecessor-version":[{"id":2138,"href":"https:\/\/swp-dev.com\/asaf-test\/wp-json\/wp\/v2\/posts\/1347\/revisions\/2138"}],"wp:featuredmedia":[{"embeddable":true,"href":"https:\/\/swp-dev.com\/asaf-test\/wp-json\/wp\/v2\/media\/1348"}],"wp:attachment":[{"href":"https:\/\/swp-dev.com\/asaf-test\/wp-json\/wp\/v2\/media?parent=1347"}],"wp:term":[{"taxonomy":"category","embeddable":true,"href":"https:\/\/swp-dev.com\/asaf-test\/wp-json\/wp\/v2\/categories?post=1347"},{"taxonomy":"post_tag","embeddable":true,"href":"https:\/\/swp-dev.com\/asaf-test\/wp-json\/wp\/v2\/tags?post=1347"}],"curies":[{"name":"wp","href":"https:\/\/api.w.org\/{rel}","templated":true}]}}