{"id":1752,"date":"2023-07-13T15:00:18","date_gmt":"2023-07-13T13:00:18","guid":{"rendered":"https:\/\/swp-dev.com\/asaf-test\/?p=1752"},"modified":"2024-04-14T12:50:22","modified_gmt":"2024-04-14T10:50:22","slug":"discours-du-president-de-la-republique-aux-armees","status":"publish","type":"post","link":"https:\/\/swp-dev.com\/asaf-test\/discours-du-president-de-la-republique-aux-armees\/","title":{"rendered":"Discours du Pr\u00e9sident de la R\u00e9publique aux arm\u00e9es"},"content":{"rendered":"<p>Depuis 1790 et la 1\u00e8re f\u00eate de la F\u00e9d\u00e9ration, le 14 juillet, est \u00e0 la fois une f\u00eate populaire et un d\u00e9fil\u00e9 militaire.<br \/>\nDans ces deux aspects qui n&rsquo;en font qu&rsquo;un, se refl\u00e8tent l&rsquo;unit\u00e9 de la Nation et des arm\u00e9es. Dans ce temps de coh\u00e9sion, se lit l&rsquo;esprit de rassemblement qui doit unir les Fran\u00e7ais. Et dans l\u2019engagement d\u2019hommes et de<br \/>\nfemmes pour la d\u00e9fense de leurs concitoyens jusqu&rsquo;au sacrifice ultime s\u2019il le faut, s&rsquo;exprime la grandeur des valeurs qui structure les arm\u00e9es et qui irriguent notre peuple, leur force d\u2019\u00e2me, leur force morale. Ces mots que je scandais ici m\u00eame il y a un an, prennent une acuit\u00e9 toute particuli\u00e8re parmi vous, entre ces murs et sous ses fen\u00eatres qui furent celles de Cl\u00e9menceau en 1917 et de de Gaulle \u00e0 la Lib\u00e9ration et d&rsquo;o\u00f9 l&rsquo;histoire semble nous contempler encore. Ce qu&rsquo;ils verraient ce soir a, je crois, de quoi les tranquilliser, car le flambeau est repris et la pr\u00e9sence de nos bless\u00e9s, des familles endeuill\u00e9es d&rsquo;hommes \u00e0 qui la mention \u00ab Mort pour le service de la R\u00e9publique \u00bb a \u00e9t\u00e9 d\u00e9cern\u00e9e, t\u00e9moignent assez de la persistance d&rsquo;un h\u00e9ro\u00efsme qui ne se mesure jamais \u00e0 l&rsquo;aune de la r\u00e9signation et de l&rsquo;habitude.<br \/>\nJ&rsquo;\u00e9tais \u00e0 vos c\u00f4t\u00e9s jusqu&rsquo;\u00e0 pr\u00e9sent et c&rsquo;est ce qui explique notre retard, \u00e0 c\u00f4t\u00e9 de nos bless\u00e9s et \u00e0 c\u00f4t\u00e9 des familles. N&rsquo;oublions aucun de ceux qui sont tomb\u00e9s. Merci Monsieur le ministre des Arm\u00e9es de l&rsquo;organisation de cette soir\u00e9e qui m&rsquo;a permis de leur t\u00e9moigner avec la gravit\u00e9 et le respect au coeur, de la solidarit\u00e9 que leur doit la Nation. Tous n&rsquo;avaient pas re\u00e7u encore les marques de cette reconnaissance pourtant vitale. Nous leur devions cette justice face \u00e0 la singularit\u00e9 d&rsquo;un engagement qui les a conduits \u00e0 l&rsquo;entra\u00eenement ou en mission de service public, \u00e0 faire le don ultime de leur existence. Je m&rsquo;incline ce soir aussi avec respect devant\u00a0 le sacrifice de l&rsquo;adjudant-chef Guy Barcarel, mort pour le service de la Nation en Guyane il y a quelques semaines dans une op\u00e9ration de lutte contre l&rsquo;orpaillage. Quelques semaines apr\u00e8s, le d\u00e9c\u00e8s de son fr\u00e8re\u00a0 d&rsquo;armes, le major de gendarmerie Arnaud Blanc, tu\u00e9 par un trafiquant qui a \u00e9t\u00e9 depuis appr\u00e9hend\u00e9 et remis \u00e0 la justice.<br \/>\nLa gratitude de la Nation est profonde envers eux comme envers vous tous, personnels, civils et militaires des arm\u00e9es. Et c\u2019est le message que je voudrais porter ce soir et partager avec nos partenaires\u00a0 internationaux repr\u00e9sent\u00e9s ici et au c\u00f4t\u00e9 desquels les arm\u00e9es fran\u00e7aises d\u00e9fendent notre s\u00e9curit\u00e9 et nos valeurs communes.<br \/>\nCette gratitude implique des actes, des am\u00e9liorations tangibles, en particulier l&rsquo;am\u00e9lioration de la prise en charge des bless\u00e9s. Avec une exigeante confiance, j&rsquo;avais demand\u00e9 ici m\u00eame, il y a un an, un effort renouvel\u00e9 en faveur de cet enjeu essentiel. Le plan r\u00e9cemment pr\u00e9sent\u00e9 par la secr\u00e9taire d&rsquo;\u00c9tat replace le bless\u00e9 au centre de tout, de mani\u00e8re concr\u00e8te, avec le formulaire unique et la maison num\u00e9rique du bless\u00e9, avec le renforcement du nombre de r\u00e9f\u00e9rents pour accompagner les bless\u00e9s \u00e0 Paris comme en province, ou encore l&rsquo;ouverture de deux nouvelles maisons Athos avant 2024. Les fondations de ce vaste chantier sont solides gr\u00e2ce \u00e0 tous ceux qui y ont oeuvr\u00e9 &#8211; je voudrais remercier aussi le directeur de projet &#8211; mais ce n&rsquo;est que le d\u00e9but. Il s&rsquo;agit d\u00e9sormais de passer, comme vous le dites, en conduite et j&rsquo;y serai tr\u00e8s attentif.<br \/>\nCe n&rsquo;est que justice que de veiller \u00e0 la s\u00e9curit\u00e9 de ceux qui veillent \u00e0 la s\u00e9curit\u00e9 des Fran\u00e7ais chaque jour sur toutes les latitudes. L&rsquo;actualit\u00e9 des conflits est forte et faisant le bilan de ce qui a \u00e9t\u00e9 fait depuis un an, au-del\u00e0 de ce qui a \u00e9t\u00e9 donc pr\u00e9sent\u00e9 pour nos bless\u00e9s et leurs familles, je voulais ici aussi, plus largement, tirer \u00e0 la cavalcade le bilan d&rsquo;un 13 juillet, l&rsquo;autre de notre action.<br \/>\nLa guerre en Ukraine t\u00e9moigne de ruptures strat\u00e9giques qui se manifestent largement de l&rsquo;Asie \u00e0 l&rsquo;Afrique, du fonds des oc\u00e9ans jusqu&rsquo;aux confins de l&rsquo;espace et du num\u00e9rique. Je sais les efforts consentis pour y faire\u00a0 face.<br \/>\nNous allons poursuivre notre aide \u00e0 l&rsquo;Ukraine. La livraison de missiles SCALP annonc\u00e9e il y a deux jours en t\u00e9moigne et ce que vous avez accompli est d\u00e9j\u00e0 largement consid\u00e9rable. La qualit\u00e9 des formations dispens\u00e9es en France et en Pologne, la livraison des mat\u00e9riels de premier rang de nos arm\u00e9es, la capacit\u00e9 fran\u00e7aise \u00e0 proposer des solutions de rupture comme les chars ou la d\u00e9fense sol\/air ont \u00e9t\u00e9 un appui\u00a0 essentiel \u00e0 la bravoure des Ukrainiens. Je mesure que ce que cela implique d&rsquo;efforts dans vos unit\u00e9s et la pr\u00e9occupation que peut g\u00e9n\u00e9rer une guerre qui dure. Le chef d\u2019Etat-major des arm\u00e9es me conseille dans ses\u00a0 choix car il n\u2019est pas question de fragiliser notre d\u00e9fense. Ces mat\u00e9riels seront recompl\u00e9t\u00e9s et cela ne se fera pas aux d\u00e9pens de l\u2019ambition que porte la programmation militaire. Le ministre y veille mais le terrain\u00a0 commande, comme le disent les forces. Le tempo de la guerre dicte le rythme de notre soutien et je sais la mobilisation de nos unit\u00e9s comme la mobilisation industrielle. J&rsquo;en attends beaucoup. La capacit\u00e9 \u00e0 r\u00e9pondre \u00e0 cette urgence strat\u00e9gique d\u00e9terminera aussi la place future de notre industrie car l&rsquo;objet du chantier sur l&rsquo;\u00e9conomie de guerre que je vous ai confi\u00e9, monsieur le ministre, est bien l\u00e0. Je salue les r\u00e9sultats d\u00e9j\u00e0\u00a0 obtenus sur les d\u00e9lais de production du CAESAR, par exemple, ou les premi\u00e8res relocalisations. C&rsquo;est la voie \u00e0 suivre. Mais nous sommes dans un moment o\u00f9 il ne faut pas faire mieux simplement. Il faut faire plus, plus vite et diff\u00e9remment. Il faut faire ce qu&rsquo;il faut. Pour nos amis ukrainiens, une semaine est une \u00e9ternit\u00e9 et les soutenir, c&rsquo;est int\u00e9grer leur temps en acceptant de prendre des risques, en acceptant aussi des ruptures de rythme et en faisant des choix clairs, comme nous avons commenc\u00e9 \u00e0 le faire, pour y arriver.<br \/>\nMais vous le voyez bien, le retour de la guerre sur le sol europ\u00e9en nous a conduits \u00e0 r\u00e9fl\u00e9chir diff\u00e9remment, \u00e0 r\u00e9agir diff\u00e9remment, et je veux dire ici que la France a d\u00e9montr\u00e9 aussi la force de son mod\u00e8le. En\u00a0 quelques jours, nous avons su r\u00e9agir. \u00c0 chaque fois, nous avons su ouvrir les flancs. Lorsqu&rsquo;il a fallu livrer nos chars, et lorsqu&rsquo;il a fallu ouvrir la voie \u00e0 cette d\u00e9termination, nous l&rsquo;avons fait, ouvrant le chemin pour\u00a0 d&rsquo;autres. Et \u00e7a doit \u00eatre une fiert\u00e9 pour nos arm\u00e9es et pour nos industriels, mais cela doit renforcer notre exigence, car l&rsquo;effort se fera dans la dur\u00e9e et ne saurait se faire, de mani\u00e8re tr\u00e8s claire, en soustraction de\u00a0 notre engagement pour nous-m\u00eames.<br \/>\nDe la m\u00eame mani\u00e8re, nous avons su r\u00e9agir en quelques jours pour nous d\u00e9ployer sur le flanc Est de l&rsquo;Alliance.<br \/>\nC&rsquo;est un choix qui a d\u00e9montr\u00e9 la force du mod\u00e8le fran\u00e7ais. \u00catre nation-cadre tout de suite, en Roumanie, et d\u00e9cider et d\u00e9ployer en quelques jours, cela a forc\u00e9 l&rsquo;admiration de certains, mais cela renforce la confiance\u00a0 de tous. Et aujourd&rsquo;hui, la France, dans ce contexte, en un an a renforc\u00e9 tr\u00e8s largement sa mobilisation dans le sein de l&rsquo;Alliance, en Roumanie, en Estonie, mais dans la police de l&rsquo;air aussi, o\u00f9 nous sommes\u00a0 respect\u00e9s et appr\u00e9ci\u00e9s.<br \/>\nDepuis le 13 juillet dernier, je constate aussi avec satisfaction que les arm\u00e9es ont entam\u00e9 la transformation de leur pr\u00e9sence aux c\u00f4t\u00e9s de nos partenaires du Sahel et plus largement sur le continent africain. Je\u00a0 l&rsquo;annon\u00e7ais ici m\u00eame il y a un an. Ce n&rsquo;\u00e9tait pas facile et c&rsquo;est aujourd&rsquo;hui un acquis. C&rsquo;est un changement de posture majeur, un changement de logiciel en somme qui t\u00e9moigne d&rsquo;une plus forte \u00e9coute, d&rsquo;une plus\u00a0 grande intimit\u00e9 avec nos partenaires. Une empreinte repens\u00e9e, des missions ambitieuses red\u00e9finies avec chacun des pays avec qui nous coop\u00e9rons. Une volont\u00e9 toujours affirm\u00e9e d&rsquo;aider ce continent \u00e0 vivre dans la\u00a0 paix. La pr\u00e9sence des embl\u00e8mes des lyc\u00e9es militaires africains demain sur les Champs-Elys\u00e9es en est pour moi l&rsquo;incarnation la plus forte, celle de la fid\u00e9lit\u00e9 de la France \u00e0 sa parole et ses engagements et \u00e0 la\u00a0 pr\u00e9paration de l&rsquo;avenir. Mais au fond, ce que nous avons d\u00e9cid\u00e9, c&rsquo;est d&rsquo;avoir un dispositif moins pos\u00e9 et un partenariat mieux pens\u00e9, o\u00f9 nos partenaires expriment leurs besoins, o\u00f9 nous y r\u00e9pondons, et o\u00f9 nous\u00a0 savons aussi r\u00e9investir en profondeur la formation, l&rsquo;intimit\u00e9 de partenariats respectueux et une s\u00e9curit\u00e9 dans la dur\u00e9e pour le continent.<br \/>\nEnfin, je n&rsquo;oublie pas, sans toutes les \u00e9num\u00e9rer, la somme des op\u00e9rations men\u00e9es pour la s\u00e9curit\u00e9 des Fran\u00e7ais, la poursuite des missions de lutte contre le terrorisme, notamment en Afrique et au Moyen-Orient,\u00a0 l&rsquo;affirmation de notre pr\u00e9sence dans les espaces communs, avec par exemple l&rsquo;op\u00e9ration Pegase ou la mission Jeanne d&rsquo;Arc. Les secours apport\u00e9s \u00e0 nos compatriotes, \u00e0 nos alli\u00e9s et aux populations, en particulier\u00a0 au Soudan, o\u00f9 l&rsquo;efficacit\u00e9 de nos arm\u00e9es pour nos propres ressortissants, mais aussi pour le monde entier, a \u00e9t\u00e9 salu\u00e9e. Les concours apport\u00e9s aux forces de s\u00e9curit\u00e9 int\u00e9rieures dans les luttes contre les incendies\u00a0 de l&rsquo;\u00e9t\u00e9, contre les trafics, l\u2019orpaillage ill\u00e9gal, la s\u00e9curit\u00e9 des grands \u00e9v\u00e9nements et la force et l&rsquo;efficacit\u00e9 de nos services de renseignement pour nos compatriotes, comme pour l&rsquo;ensemble de nos partenaires qui nous\u00a0 respectent et encore r\u00e9cemment ont salu\u00e9 la qualit\u00e9 de ces partenariats et des informations fran\u00e7aises. Je sais tout ce que cela implique aussi dans l&rsquo;ombre et je connais tous les invisibles sans qui rien n&rsquo;est possible. Comme toujours, vous avez r\u00e9pondu rapidement et pr\u00e9sent.<br \/>\nAlors, au-del\u00e0 de ce rapide bilan, je veux aussi revenir au cap. Nul ne peut s\u00e9rieusement le contester d\u00e9sormais.<br \/>\nL&rsquo;effort consenti en mati\u00e8re de d\u00e9fense depuis un peu plus de cinq ans \u00e9tait et est plus que jamais n\u00e9cessaire. Il se traduit d\u00e9sormais dans les faits et la France, nous devons nous en f\u00e9liciter, n&rsquo;a pas attendu la guerre\u00a0 en Ukraine pour engager un effort massif, vous le savez. Nous n&rsquo;avons pas eu besoin de r\u00e9veil pour \u00eatre conscients de la n\u00e9cessit\u00e9 de r\u00e9investir, r\u00e9engager et faire face aux nouveaux conflits partout dans le\u00a0 monde.<br \/>\nMais chaque jour qui passe apporte une confirmation suppl\u00e9mentaire des conclusions de notre revue nationale strat\u00e9gique que je pr\u00e9sentais en novembre dernier \u00e0 Toulon.<br \/>\nJe veux donc que la France hexagonale et d&rsquo;outre-mer, puissance d&rsquo;\u00e9quilibres et d&rsquo;entra\u00eenement, continue \u00e0 disposer des arm\u00e9es de r\u00e9f\u00e9rence en Europe. Des arm\u00e9es plus endurcies, plus entra\u00een\u00e9es, qui continuent\u00a0 de se moderniser et renforcent leurs soutiens, leurs stocks, tout ce qui fait la force et la coh\u00e9rence de notre d\u00e9fense.<br \/>\nDes arm\u00e9es qui ma\u00eetrisent les nouveaux espaces de conflictualit\u00e9, une d\u00e9fense qui repose sur une dissuasion renouvel\u00e9e et qui investit dans les innovations majeures. Tout cela a \u00e9t\u00e9 d&rsquo;ailleurs parfaitement illustr\u00e9\u00a0 lors de l&rsquo;exercice interarm\u00e9 multinational ORION.<br \/>\nNous avons donc \u00e9labor\u00e9 une loi de programmation militaire volontariste. Dans la continuit\u00e9 de la pr\u00e9c\u00e9dente, ce qui nous permettra \u2014 et je le dis ici avec beaucoup de solennit\u00e9, parce que c&rsquo;est un engagement fort\u00a0 dans le contexte que nous connaissons pour la Nation \u2014 ce qui permettra \u00e0 la France d&rsquo;avoir doubl\u00e9 son budget annuel de la d\u00e9fense sur la dur\u00e9e de ces deux lois de programmation. Quel pays peut dire avoir fait un tel engagement dans la dur\u00e9e et la constance ? Et avec la cr\u00e9dibilit\u00e9 qui est la n\u00f4tre, puisque la loi de programmation vot\u00e9e, sign\u00e9e ici m\u00eame pour sa promulgation, je ne l&rsquo;oublie pas, il y a quelques ann\u00e9es, a \u00e9t\u00e9<br \/>\nex\u00e9cut\u00e9e, ce qui n&rsquo;\u00e9tait jamais arriv\u00e9 depuis des d\u00e9cennies \u00e0 l&rsquo;euro pr\u00e8s. Il en sera de m\u00eame pour la suivante.<br \/>\nCar oui, la loi de programmation a d&rsquo;abord \u00e9t\u00e9 pr\u00e9par\u00e9e, et je veux ici en remercier personnellement le ministre, le CEMA, le major g\u00e9n\u00e9ral des arm\u00e9es, le g\u00e9n\u00e9ral AUTELLET que je tiens \u00e0 saluer ce soir, et\u00a0 l&rsquo;ensemble de nos arm\u00e9es et de leurs chefs sous leur autorit\u00e9, parce que de mani\u00e8re in\u00e9dite, cette loi de programmation a \u00e9t\u00e9 un travail, une ma\u00efeutique, si je puis dire, \u00e0 laquelle j&rsquo;ai pr\u00e9sid\u00e9 \u00e0 travers plusieurs\u00a0 conseils de d\u00e9fense, mais qui vous a tous mobilis\u00e9s. Et je pense que c&rsquo;\u00e9tait un exercice indispensable. Elle a permis de repenser en profondeur beaucoup de choses. Elle a mobilis\u00e9 aussi, et je veux \u00e9galement\u00a0 remercier le DGA, le SGA, la DGRIS pour leur engagement essentiel dans cette entreprise, l&rsquo;ensemble de votre minist\u00e8re. Mais nous avons propos\u00e9, je crois, une strat\u00e9gie solide. Cette loi a ensuite \u00e9t\u00e9 d\u00e9battue, ce qui est un gage de d\u00e9mocratie. Et je veux l\u00e0 aussi remercier le ministre pour son action personnelle et tous les parlementaires ici pr\u00e9sents pour avoir d\u00e9battu, enrichi ce texte, mais aussi, je dirais, pour la Nation tout\u00a0 enti\u00e8re, repos\u00e9 avec vitalit\u00e9 la force de ces d\u00e9bats et, jusque dans les derni\u00e8res heures, sous l&rsquo;autorit\u00e9 de la Premi\u00e8re ministre, qui y a veill\u00e9 tout personnellement, avoir su trouver les bonnes d\u00e9cisions et les bons\u00a0 compromis.<br \/>\n\u00c0 Mont-de-Marsan, j&rsquo;avais fix\u00e9 les axes : une arm\u00e9e d&#8217;emploi coh\u00e9rente, moderne, pr\u00e9sente dans tous les champs, tous les espaces, cr\u00e9dible, capable de gagner la guerre. Je crois que la strat\u00e9gie sous-jacente \u00e9tait\u00a0 la bonne, que cette loi est celle dont nos arm\u00e9es ont besoin et que ce que vous avez vot\u00e9 est un bon texte. Nous aurons, dans les d\u00e9lais d&rsquo;usage et apr\u00e8s les saisines et les contr\u00f4les que la Constitution pr\u00e9voit, \u00e0\u00a0 promulguer un texte qui, ensuite, n\u00e9cessitera l&rsquo;engagement de l&rsquo;ensemble de celles et ceux que j&rsquo;ai cit\u00e9s, et en qui j\u2019ai pleine confiance.<br \/>\nNous avons adopt\u00e9 un nouveau cap. Et je veux le dire, ce soir, celui-ci nous oblige tous. Avec confiance, avec exigence aussi, votre premier devoir sera donc de bien ex\u00e9cuter cette loi de programmation militaire,\u00a0 comme la\u00a0 pr\u00e9c\u00e9dente, mais aussi de la faire vivre dans un contexte strat\u00e9gique instable, naturellement parce que notre d\u00e9fense en a besoin, mais aussi parce que c&rsquo;est le prix de la confiance de nos concitoyens. Pour cela, et je ne veux pas ici revenir sur tout ce que j&rsquo;ai d\u00e9j\u00e0 largement d\u00e9taill\u00e9 \u00e0 tout long et \u00e0 Mont-de-Marsan de la strat\u00e9gie et du cap.<br \/>\nJe voudrais peut-\u00eatre plus longuement revenir ici sur la transformation du minist\u00e8re. Le minist\u00e8re des Arm\u00e9es doit \u00eatre repens\u00e9. C&rsquo;est une responsabilit\u00e9 imp\u00e9rieuse. Le mod\u00e8le actuel d&rsquo;organisation et de\u00a0 fonctionnement a \u00e9t\u00e9 mis en place dans une p\u00e9riode de r\u00e9duction continue des d\u00e9penses pour la d\u00e9fense. Et il avait \u00e9t\u00e9 orient\u00e9 vers cette finalit\u00e9. Le minist\u00e8re s&rsquo;est alors adapt\u00e9 avec la discipline intellectuelle que\u00a0 nous lui connaissons, et je sais les efforts, les tr\u00e9sors d&rsquo;ing\u00e9niosit\u00e9, les souffrances parfois aussi, qu&rsquo;il a fallu traverser. Mais ce mod\u00e8le proc\u00e8de d&rsquo;une logique qui faisait primer les \u00e9conomies sous couvert de\u00a0 rationalisation et de fragmentation budg\u00e9taire. Une logique qui ne place pas toujours ou pas assez la guerre au coeur de ces organisations ou de ces processus. Or aujourd&rsquo;hui, ce mod\u00e8le n&rsquo;est plus adapt\u00e9. D&rsquo;abord, parce que les choix que je porte \u00e0 votre t\u00eate depuis six ans ne sont plus ceux-l\u00e0. J&rsquo;ai eu l&rsquo;occasion parfois de le rappeler avec une certaine vigueur ici-m\u00eame.<br \/>\nMa m\u00e9moire est bonne. Mais les esprits mettent parfois du temps et les organisations plus encore \u00e0 changer.<br \/>\nMoi, j&rsquo;ai confiance dans nos arm\u00e9es. J&rsquo;ai fait des choix qui ont manifest\u00e9 cette confiance. Et j&rsquo;ai eu l&rsquo;immense honneur d&rsquo;avoir, \u00e0 mes c\u00f4t\u00e9s, de grands chefs qui m&rsquo;ont bien conseill\u00e9.<br \/>\nDonc, il faut que tout le mod\u00e8le s&rsquo;adapte et continue de se transformer. Le contexte strat\u00e9gique est radicalement diff\u00e9rent. L&rsquo;effort de d\u00e9fense est confirm\u00e9. De nouvelles formes de conflictualit\u00e9 se sont d\u00e9velopp\u00e9es. En outre, les jeunes Fran\u00e7ais ont un regard diff\u00e9rent sur leur engagement. Et donc, c&rsquo;est tout un ensemble de changements tr\u00e8s concrets qu&rsquo;il nous faut porter. La fid\u00e9lisation, qui est plus que jamais un d\u00e9fi auquel nous devons r\u00e9pondre par un fonctionnement quotidien simplifi\u00e9, r\u00e9gi par plus de subsidiarit\u00e9, un effort renouvel\u00e9 pour donner du sens au m\u00e9tier et aux missions confi\u00e9es, un style de commandement qui est au coeur de cette bataille et qui est l\u00e0 aussi \u00e0 renforcer. Et au fond, ce qui fait la force de nos arm\u00e9es en op\u00e9ration, il faut savoir le garder dans tous les registres et dans tous les lieux. Monsieur le ministre, vous avez per\u00e7u\u00a0 cela et mesurez parfaitement cette n\u00e9cessit\u00e9. Et je sais que le CEMA vous a fait des propositions et qu&rsquo;il a d&rsquo;ores et d\u00e9j\u00e0 engag\u00e9 la r\u00e9forme du centre de planification et de conduite des op\u00e9rations dans ce sens. Je\u00a0 vous demande donc de me proposer des sc\u00e9narios d&rsquo;adaptation du minist\u00e8re d&rsquo;ici l&rsquo;\u00e9t\u00e9 prochain en accordant une attention particuli\u00e8re aux femmes et aux hommes du minist\u00e8re qui sont le centre de gravit\u00e9 de la\u00a0 transformation \u00e0 venir.<br \/>\nUn mod\u00e8le tourn\u00e9 vers la r\u00e9ussite des missions que je peux \u00eatre amen\u00e9 \u00e0 confier aux arm\u00e9es pour d\u00e9fendre notre pays, nos concitoyens, nos int\u00e9r\u00eats, nos valeurs.<br \/>\nVoil\u00e0 la vocation du minist\u00e8re. Voil\u00e0 l&rsquo;esprit et l&rsquo;h\u00e9ritage de ceux qui fond\u00e8rent notre R\u00e9publique. Et je veux pour cela redonner les leviers d&rsquo;action \u00e0 ceux qui portent les missions en op\u00e9ration comme au coeur des<br \/>\nterritoires. L&rsquo;organisation devra encourager la r\u00e9activit\u00e9, faciliter la capacit\u00e9 \u00e0 entreprendre, d\u00e9multiplier les \u00e9nergies, concentrer les volont\u00e9s sur la r\u00e9alisation de la mission, pas sur l&rsquo;\u00e9vitement de difficult\u00e9s internes, au risque de revivre les errements d\u00e9crits par Marc Bloch. Garantissons aux soldats sur le terrain les moyens d&rsquo;accomplir leurs t\u00e2ches avec toute la fluidit\u00e9 et la performance possible.<br \/>\nAu fond, il y a pour moi quatre axes essentiels. Il ne faut jamais perdre l&rsquo;esprit strat\u00e9gique &#8211; il est d\u00e9terminant &#8211; et la finalit\u00e9 des missions. Il faut garder partout l&rsquo;esprit de responsabilit\u00e9, qui est celui qui irrigue le bon<br \/>\ncommandement. Il faut partout imposer la subsidiarit\u00e9 que nous savons penser en op\u00e9ration. Et il faut d\u00e9cliner \u00e0 chaque endroit l&rsquo;agilit\u00e9. Partout o\u00f9 nous oublions une de ces quatre valeurs cardinales, nous nous\u00a0 perdons dans des lenteurs qui deviennent bureaucratiques, dans de la d\u00e9responsabilisation qui d\u00e9courage. Et au fond, nous perdons ce qui est la force de nos arm\u00e9es \u00e0 chaque fois qu&rsquo;elles ont \u00e0 agir et qu&rsquo;elles d\u00e9montrent \u00e0 chaque instant, et qui sont notre fiert\u00e9.<br \/>\nS&rsquo;agissant des femmes et des hommes de ce minist\u00e8re, je souhaite que le mod\u00e8le futur int\u00e8gre les attentes des plus jeunes qui s&rsquo;engagent. Je tiens \u00e0 la militarit\u00e9. Je l&rsquo;ai rappel\u00e9, je n&rsquo;ai plus \u00e0 le d\u00e9montrer ici pour nous, en Europe, partout o\u00f9 on voudrait la banaliser et je le ferai jusqu&rsquo;au dernier quart d&rsquo;heure. Mais cette militarit\u00e9 n&rsquo;enl\u00e8ve pas que les femmes et les hommes que vous \u00eates vivent dans la soci\u00e9t\u00e9, avec des\u00a0 spirations, des r\u00e9flexions, des familles et qui viennent bousculer, il faut bien le dire, certaines de nos organisations. Et donc, nous devons en effet avoir sans doute une vision moins lin\u00e9aire du parcours, prendre en compte des aspirations qu&rsquo;il faut entendre, pour recruter mais aussi fid\u00e9liser.<br \/>\nNous aurons aussi besoin de nouvelles comp\u00e9tences, nous le savons. Et lorsqu&rsquo;on parle de menaces cyber, du spatial, il faut que nous soyons en capacit\u00e9 de recruter des talents, des comp\u00e9tences qui n&rsquo;\u00e9taient pas<br \/>\nforc\u00e9ment celles que nous connaissions et des profils qui ont parfois d&rsquo;autres aspirations. Nous aurons besoin de nouveaux parcours moins cloisonn\u00e9s, plus ouverts aussi sur les administrations, les collectivit\u00e9s, les<br \/>\nentreprises. Et donc, l&rsquo;escalier social doit \u00eatre r\u00e9affirm\u00e9. Le style de commandement doit continuer \u00e0 s&rsquo;adapter aux g\u00e9n\u00e9rations qui viennent. Nous devons continuer, comme nous l&rsquo;avons fait, de mieux prendre en\u00a0 compte les familles, ce que le \u00ab Plan Famille II \u00bb permettra, en renfor\u00e7ant certes les moyens, mais aussi et surtout les relations avec les maires, les pr\u00e9sidents de d\u00e9partements et de r\u00e9gions. Pour faire droit aux liens\u00a0 intimes entre nos arm\u00e9es et nos territoires, nous gagnerons \u00e0 att\u00e9nuer la concentration parisienne, comme \u00e0 affirmer notre pr\u00e9sence internationale, avec plus de responsabilit\u00e9s \u00e0 chaque niveau de progression.<br \/>\nJe souhaite aussi que l&rsquo;exp\u00e9rience des arm\u00e9es dans le retour \u00e0 l&#8217;emploi des jeunes, au SMV ou au SMA, que les possibilit\u00e9s ouvertes par le Service national universel et les travaux engag\u00e9s autour des nouvelles r\u00e9serves puissent continuer de tisser un lien renouvel\u00e9 entre les arm\u00e9es et la Nation. Je crois que nous l&rsquo;avons d\u00e9j\u00e0 d\u00e9montr\u00e9 dans beaucoup de territoires de la R\u00e9publique, ce mod\u00e8le est une force qui a d\u00e9montr\u00e9 son efficacit\u00e9.<br \/>\nCe que nous allons faire avec le SNU va le conforter. Et beaucoup des r\u00e9flexions l\u00e9gitimes qui aujourd&rsquo;hui<br \/>\n\u00e9mergent en raison de ce que nous venons de vivre et, au fond, de ce que notre R\u00e9publique conna\u00eet depuis tant<br \/>\nd&rsquo;ann\u00e9es, a pour partie une r\u00e9ponse aussi dans le sens rappel\u00e9 de l&rsquo;engagement. Il ne s&rsquo;agit pas de tout<br \/>\nconfondre, ni l\u00e0 aussi de banaliser la militarit\u00e9 ou de remettre en cause nos principes ou de revenir \u00e0 ce qu&rsquo;est une arm\u00e9e de m\u00e9tier. Non, pas du tout. Mais de savoir tisser des liens nouveaux, comme nous l&rsquo;avons fait, du SMV au SMA, en passant par les premi\u00e8res \u00e9tapes du SNU, qui nous permettent de redonner un sens \u00e0 l&rsquo;engagement. Et si vous voulez le fond de ma pens\u00e9e, aussi de redonner du sens aux devoirs qui vont avec la citoyennet\u00e9.<br \/>\nLe renforcement de nos r\u00e9serves op\u00e9rationnelles r\u00e9pond aussi \u00e0 ces imp\u00e9ratifs : \u00e0 la bataille des effectifs, \u00e0 la bataille des comp\u00e9tences, aux liens Nation \u2013 arm\u00e9e et surtout au renforcement de nos arm\u00e9es. Le cap est fix\u00e9 : \u00e0 terme, nous aurons un r\u00e9serviste pour deux militaires d&rsquo;active. C&rsquo;est l\u2019\u00ab acte II \u00bb de la professionnalisation, ce choix \u00e9tait le bon. Notre arm\u00e9e, d\u00e9sormais professionnelle, doit \u00eatre durcie. Elle doit s&rsquo;appuyer sur une r\u00e9serve plus puissante, plus nombreuse, mieux \u00e9quip\u00e9e, mieux form\u00e9e, mieux int\u00e9gr\u00e9e.<br \/>\nIl faudra aussi s&rsquo;assurer d&rsquo;un positionnement harmonieux dans la soci\u00e9t\u00e9 pour tous les militaires. Et \u00e0 cet \u00e9gard, je salue une fois encore la qualit\u00e9 des travaux du HCECM. Le rapport sur les officiers, qui m&rsquo;a \u00e9t\u00e9 officiellement remis cet apr\u00e8s-midi, pointe des enjeux importants de positionnement des diff\u00e9rentes cat\u00e9gories de militaires entre elles et par rapport aux cat\u00e9gories civiles correspondantes, avec des risques identifi\u00e9s qui sont r\u00e9els en termes d&rsquo;attractivit\u00e9, de fid\u00e9lisation, et nous y apporterons des r\u00e9ponses adapt\u00e9es, p\u00e9rennes en termes mat\u00e9riels, indiciels, symboliques, mais aussi de sens de la mission et d&rsquo;organisation.<br \/>\nMesdames et Messieurs, ces arm\u00e9es fortes, coh\u00e9rentes, sont la garantie pour notre pays d&rsquo;exercer sa souverainet\u00e9, d\u00e9fendre la richesse de son territoire, son ancrage dans l&rsquo;Europe et sa capacit\u00e9 \u00e0 porter une voix \u00e9cout\u00e9e et respect\u00e9e dans le reste du monde. Cette force impose que nous r\u00e9duisions nos d\u00e9pendances car chacune d&rsquo;elles fragilise notre d\u00e9fense. C&rsquo;est tout le sens de l&rsquo;agenda que nous portons depuis six ans, celui que j&rsquo;ai d\u00e9fendu \u00e0 la Sorbonne d\u00e8s l&rsquo;automne 2017, d&rsquo;une souverainet\u00e9 europ\u00e9enne dans tous les domaines, du militaire au technologique, et que nous avons su convaincre l&rsquo;Europe de pleinement adopter en mars 2022, lors du Sommet de Versailles.<br \/>\nCela passe pour notre d\u00e9fense, par une vraie transformation de notre organisation collective. Cela passe par l\u2019innovation, par nos petites et moyennes entreprises, par nos starts up mais aussi par nos grands groupes qui irriguent les grandes fili\u00e8res de nos industries de d\u00e9fense et aussi de l\u2019industrie duale par des relations exigeantes et constructives avec ces industriels et par un esprit critique si cher \u00e0 la France. Et je veux ici remercier toutes celles et ceux qui y contribuent et qui, en lien \u00e9troit avec la DGA mais avec l\u2019ensemble de nos arm\u00e9es, car la force est ce lien organique, nous permettent d\u2019avancer.<br \/>\nCe qui n\u2019implique pas de s\u2019isoler de nos alli\u00e9s europ\u00e9ens avec qui nous partageons un destin et de nombreux d\u00e9fis parce qu\u2019ensemble, nous sommes plus forts pour les relever. C&rsquo;est donc dans le collectif europ\u00e9en qu\u2019il faut investir car il a fait ses preuves et je crois \u00e0 notre souverainet\u00e9 &#8211; nous r\u00e9investissons dans nos arm\u00e9es, nos industries &#8211; mais je le crois dans un mod\u00e8le plus fort en Europ\u00e9ens et renforc\u00e9 au sein de l\u2019Alliance. Et je crois que ces souverainet\u00e9s se compl\u00e8tent parce qu\u2019elles sont choisies. Il n\u2019y a pas de bonne souverainet\u00e9 si on est d\u00e9pendant : souverainet\u00e9 nationale. Il n\u2019y a pas d\u2019Europe forte qui peut se projeter s\u2019il n\u2019y a pas plus d\u2019autonomie strat\u00e9gique et un vrai pilier europ\u00e9en au sein de l\u2019Alliance pour \u00eatre respect\u00e9s parce que, demain, nous aurons \u00e0 mieux prot\u00e9ger notre voisinage. Et il y a \u00e0 d\u00e9fendre l&rsquo;interop\u00e9rabilit\u00e9 que nous offre l&rsquo;OTAN. Cet ensemble n&rsquo;implique pas des choix qui seraient nocifs. Non, il implique de porter ces compl\u00e9mentarit\u00e9s. C&rsquo;est pourquoi la France est \u00e0 l&rsquo;origine d&rsquo;initiatives pragmatiques pour renforcer justement cette capacit\u00e9 d&rsquo;avoir une Europe de la d\u00e9fense avec des r\u00e9ponses op\u00e9rationnelles et industrielles. C&rsquo;est le cas de l&rsquo;initiative europ\u00e9enne d&rsquo;intervention, dont la Task force Takuba illustre le potentiel op\u00e9rationnel et que nous aurons \u00e0 continuer de renforcer. Je pense \u00e0 cet \u00e9gard aussi \u00e0 l&rsquo;escadron franco-allemand qui sera repr\u00e9sent\u00e9 demain au d\u00e9fil\u00e9 et qui montre que la d\u00e9fense europ\u00e9enne ne consiste pas \u00e0 coudre des \u00e9cussons bleus sur vos tenues, mais \u00e0 travailler avec tous ceux qui sont pr\u00eats \u00e0 s&rsquo;engager \u00e0 nos c\u00f4t\u00e9s pour agir. La d\u00e9fense europ\u00e9enne n&rsquo;est pas un mirage administratif, c&rsquo;est une d\u00e9multiplication de l&rsquo;\u00e9nergie de ceux qui s&rsquo;engagent et du Fonds europ\u00e9en de d\u00e9fense \u00e0 l&rsquo;Initiative europ\u00e9enne d&rsquo;intervention, \u00e0 ce que Takuba a permis de faire que nous allons d\u00e9multiplier dans les ann\u00e9es qui viennent, \u00e0 coup s\u00fbr, et de ce que nous avons su b\u00e2tir sur le plan industriel, c&rsquo;est indispensable car dans le domaine industriel, l\u00e0 aussi, nous tirons les le\u00e7ons ensemble du Covid comme de l&rsquo;Ukraine. Nous r\u00e9duisons nos d\u00e9pendances. Nous ne renon\u00e7ons pas \u00e0 nos forces, nous les mettons en commun. Le travail sur l&rsquo;accord ASAP pour produire en Europe les munitions et missiles qui manquent \u00e0 l&rsquo;Ukraine et qui nous sont aussi n\u00e9cessaires en est une bonne illustration. Nous sommes ouverts au partenariat sur une base pragmatique et \u00e9quitable. Elle passe par l&rsquo;acceptation du<br \/>\nchangement chez nous comme chez nos partenaires. Je pense par exemple au SCAF, au MGCS, projets essentiels sur lequel je me suis engag\u00e9 d\u00e8s l&rsquo;\u00e9t\u00e9 2017, avec \u00e0 l&rsquo;\u00e9poque la chanceli\u00e8re MERKEL, qui reconfigurent les \u00e9quilibres, qui consolident l&rsquo;avenir de l&rsquo;excellence a\u00e9ronautique et terrestre fran\u00e7aise et \u00e0 l&rsquo;\u00e9quilibre desquels nous veillons en confiance et en exigence avec nos partenaires.<br \/>\nUne France ind\u00e9pendante affirmant son destin europ\u00e9en, c&rsquo;est aussi une France fid\u00e8le \u00e0 ses alliancesinternationales, \u00e0 ses partenaires strat\u00e9giques, historiques ou plus r\u00e9cents, ouverte sur le monde tel qu&rsquo;il est, comme le r\u00e9cent Sommet de Paris l&rsquo;a montr\u00e9. Il n&rsquo;y a l\u00e0 ni paradoxe, ni contradiction. En atteste notre place de pilier europ\u00e9en de l&rsquo;OTAN, qui offre un cadre d&rsquo;interop\u00e9rabilit\u00e9 efficace et quasi exclusif pour nombre d&rsquo;alli\u00e9s.<br \/>\nEt notre r\u00f4le de nation cadre dans les engagements op\u00e9rationnels est \u00e0 cet \u00e9gard essentiel. Ce que nous avons commenc\u00e9 \u00e0 d\u00e9montrer en Roumanie et que j&rsquo;\u00e9voquais, est in\u00e9dit. C&rsquo;est ce pour quoi nous pensons le mod\u00e8le de nos arm\u00e9es pour aujourd&rsquo;hui et pour demain : pouvoir \u00eatre une nation cadre pour des op\u00e9rations que nous aurons \u00e0 d\u00e9finir parce que l&rsquo;interop\u00e9rabilit\u00e9 le permet, mais parce que surtout, nous nous dotons d\u2019une autonomie qui va du renseignement \u00e0 la capacit\u00e9 \u00e0 nous d\u00e9ployer et \u00e0 agr\u00e9ger autour de nous les alli\u00e9s et les partenaires que nous choisissons.<br \/>\nC&rsquo;est un changement profond, c&rsquo;est un \u00e9l\u00e9ment de cr\u00e9dibilit\u00e9 de la France, c&rsquo;est un \u00e9l\u00e9ment de confiance au sein de notre Alliance car je le dis avec beaucoup de force : nous avons aujourd&rsquo;hui la chance d&rsquo;avoir une administration am\u00e9ricaine qui est \u00e0 nos c\u00f4t\u00e9s, la guerre revenant sur le sol europ\u00e9en, mais notre devoir imp\u00e9rieux pour nous Europ\u00e9ens, au sein de l&rsquo;Alliance, est d&rsquo;\u00eatre lucides. Pour les d\u00e9cennies qui viennent, c&rsquo;est nous qui aurons \u00e0 porter le fardeau de notre s\u00e9curit\u00e9 et des conflits dans nos voisinages car la g\u00e9opolitique internationale nous l\u2019imposera. Refusons la c\u00e9cit\u00e9 de court terme qui nous conduira \u00e0 des r\u00e9veils trop tardifs, et je le dis ici \u00e0 tous nos partenaires. Donc cet investissement est indispensable. Cette Europe de la d\u00e9fense, qui nous suppose tous de r\u00e9investir pour agir, c&rsquo;est celle qui nous prot\u00e8ge aujourd&rsquo;hui et qui nous prot\u00e9gera plus encore demain au sein de cette Alliance entre partenaires qui se respectent. Et on se respecte quand on ne d\u00e9pend pas, mais qu&rsquo;on choisit de travailler ensemble.<br \/>\nMesdames et Messieurs, le 14 juillet, la Nation se retrouve dans la solennit\u00e9 du d\u00e9fil\u00e9, dans l&rsquo;insouciance des bals populaires, dans l&rsquo;\u00e9merveillement des feux d&rsquo;artifice, et demain, nous serons, dans ce contexte, heureux d&rsquo;accueillir l&rsquo;Inde comme invit\u00e9e d&rsquo;honneur de notre d\u00e9fil\u00e9. C&rsquo;est un g\u00e9ant de l&rsquo;histoire du monde qui aura un r\u00f4le d\u00e9terminant pour notre avenir. C&rsquo;est aussi un partenaire strat\u00e9gique et un pays ami. Et je le disais, j&rsquo;ai beaucoup parl\u00e9 de nos partenaires europ\u00e9ens, de nos alli\u00e9s : nous avons su, ces derni\u00e8res ann\u00e9es, renforcer, avec l&rsquo;Inde en particulier, avec les Emirats arabes unis aussi et avec quelques autres, des alliances in\u00e9dites, essentielles et en particulier dans le cadre de l&rsquo;Indo-Pacifique, qui est une strat\u00e9gie essentielle pour l&rsquo;\u00e9quilibre de la plan\u00e8te, pour laquelle la France a un r\u00f4le strat\u00e9gique parce que nous l&rsquo;avons parmi les premiers pens\u00e9e, d\u00e9clin\u00e9e, et que je crois que la voie m\u00e9diane que nous poursuivons est la bonne. L&rsquo;Inde y est un partenaire cl\u00e9. La visite d&rsquo;Etat du Premier ministre MODI, sa participation \u00e0 nos c\u00f4t\u00e9s demain au d\u00e9fil\u00e9 avec la pr\u00e9sence des arm\u00e9es indiennes disent beaucoup de notre capacit\u00e9 \u00e0 dialoguer, \u00e0 rayonner et \u00e0 avancer ensemble. Les arm\u00e9es montreront sur et au-dessus des Champs-\u00c9lys\u00e9es, devant nos amis indiens, la force de ce partenariat.<br \/>\nElles montreront aussi qu&rsquo;elles se modernisent pour faire face aux d\u00e9fis de demain et que cette modernisation passe par des forces morales consolid\u00e9es. Huit d\u00e9cennies apr\u00e8s la mort de Jean Moulin, dix jours apr\u00e8s la mort de notre cher L\u00e9on Gautier, le dernier des commandos du 6 juin, le d\u00e9fil\u00e9 de 2023 nous invite \u00e0 nous souvenir de ceux qui nous ont pr\u00e9c\u00e9d\u00e9s pour mieux reprendre le flambeau d&rsquo;id\u00e9al. En Corse, au Panth\u00e9on, en Normandie, en Provence, partout en France, ce parcours de m\u00e9moire s&rsquo;intensifiera jusqu&rsquo;en 2025, et vous y jouerez un r\u00f4le majeur. Et nous aurons \u00e0 scander dans les mois qui viennent ce parcours c\u00e9l\u00e9brant ces moments importants.<br \/>\nCe ne sera pas le seul, car nous sommes \u00e0 un an des Jeux olympiques et paralympiques de Paris, et l&rsquo;an prochain, la flamme olympique illuminera notre d\u00e9fil\u00e9 entre Vincennes et la Nation. Vous serez engag\u00e9s dans le cadre de vos missions int\u00e9rieures pour aider \u00e0 s\u00e9curiser ces \u00e9v\u00e9nements de port\u00e9e mondiale. Certains d&rsquo;entre vous participeront aussi aux comp\u00e9titions, et nous serons tous derri\u00e8re, car nos arm\u00e9es, dans tous les champs, nous inspirent respect et fiert\u00e9. Elles sont le lieu de l&rsquo;excellence et de l&rsquo;id\u00e9al chevill\u00e9s au corps de la Nation. Et la f\u00eate du 14 juillet est l\u00e0 pour nous le rappeler.<br \/>\nCette ann\u00e9e, comme l&rsquo;an prochain, comme depuis 1790, le d\u00e9fil\u00e9 du 14 juillet nous rappellera que certaines choses m\u00e9ritent qu&rsquo;on s&rsquo;engage et qu&rsquo;on se batte pour elles, que la paix n&rsquo;est pas un confort qu&rsquo;on ach\u00e8te par des concessions. C&rsquo;est un id\u00e9al de justice qu&rsquo;il faut \u00eatre capable de d\u00e9fendre. La France du 14 juillet est une France souveraine, rayonnant en Europe et dans le monde, capable de ma\u00eetriser son destin pour que chaque Fran\u00e7ais ait la possibilit\u00e9 de d\u00e9cider du sien \u00e0 son tour. C&rsquo;est la France fid\u00e8le \u00e0 l&rsquo;esprit des compagnons et \u00e0 leurs cendres. Et c&rsquo;est une France que vous faites vivre. Et en concluant mon propos, je veux ici vous redire ma confiance et ma fiert\u00e9. Il y a la strat\u00e9gie, il y a le cap, il y a les moyens qu&rsquo;on donne, il y a les choix qu&rsquo;on fait, il y a les partenariats qu&rsquo;on noue, il y a les innovations que l&rsquo;on conduit. Mais chaque petit matin et chaque soir, il n&rsquo;y a que les femmes et les hommes qui se lancent et qui, jusqu&rsquo;au sacrifice ultime, retrouvent le sens de ce lien sacr\u00e9 entre l&rsquo;arm\u00e9e et la Nation. Et c&rsquo;est vous qui le portez. Ce lien, cet engagement est un tr\u00e9sor. Et ce tr\u00e9sor, j&rsquo;invite chacun de nos compatriotes \u00e0 en penser l&rsquo;intensit\u00e9, la transcendance, la singularit\u00e9. C&rsquo;est celle qui doit nous inspirer chaque jour. C&rsquo;est celle qui force le respect, l&rsquo;admiration mais c&rsquo;est celle aussi qui doit nous conduire dans chacune de nos d\u00e9cisions. Car la R\u00e9publique comme la Nation sont un bloc. Vous avez ma confiance et ma fiert\u00e9.<br \/>\nVive la R\u00e9publique, vive la France !<\/p>\n<p><a href=\"https:\/\/swp-dev.com\/asaf-test\/wp-content\/uploads\/2024\/04\/230713-discours-du-president-de-la-republique-aux-armees.pdf\" target=\"_blank\" rel=\"noopener\">voir le PDF<\/a><\/p>\n<p>&nbsp;<\/p>\n","protected":false},"excerpt":{"rendered":"<p>Depuis 1790 et la 1\u00e8re f\u00eate de la F\u00e9d\u00e9ration, le 14 juillet, est \u00e0 la fois une f\u00eate populaire et un d\u00e9fil\u00e9 militaire. Dans ces deux aspects qui n&rsquo;en font qu&rsquo;un, se refl\u00e8tent l&rsquo;unit\u00e9 de la Nation et des arm\u00e9es. Dans ce temps de coh\u00e9sion, se lit l&rsquo;esprit de rassemblement qui doit unir les Fran\u00e7ais. [&hellip;]<\/p>\n","protected":false},"author":1,"featured_media":0,"comment_status":"open","ping_status":"open","sticky":false,"template":"","format":"standard","meta":{"_et_pb_use_builder":"","_et_pb_old_content":"","_et_gb_content_width":"","footnotes":""},"categories":[21],"tags":[],"class_list":["post-1752","post","type-post","status-publish","format-standard","hentry","category-infos-generales-armees-presidence"],"_links":{"self":[{"href":"https:\/\/swp-dev.com\/asaf-test\/wp-json\/wp\/v2\/posts\/1752","targetHints":{"allow":["GET"]}}],"collection":[{"href":"https:\/\/swp-dev.com\/asaf-test\/wp-json\/wp\/v2\/posts"}],"about":[{"href":"https:\/\/swp-dev.com\/asaf-test\/wp-json\/wp\/v2\/types\/post"}],"author":[{"embeddable":true,"href":"https:\/\/swp-dev.com\/asaf-test\/wp-json\/wp\/v2\/users\/1"}],"replies":[{"embeddable":true,"href":"https:\/\/swp-dev.com\/asaf-test\/wp-json\/wp\/v2\/comments?post=1752"}],"version-history":[{"count":2,"href":"https:\/\/swp-dev.com\/asaf-test\/wp-json\/wp\/v2\/posts\/1752\/revisions"}],"predecessor-version":[{"id":1775,"href":"https:\/\/swp-dev.com\/asaf-test\/wp-json\/wp\/v2\/posts\/1752\/revisions\/1775"}],"wp:attachment":[{"href":"https:\/\/swp-dev.com\/asaf-test\/wp-json\/wp\/v2\/media?parent=1752"}],"wp:term":[{"taxonomy":"category","embeddable":true,"href":"https:\/\/swp-dev.com\/asaf-test\/wp-json\/wp\/v2\/categories?post=1752"},{"taxonomy":"post_tag","embeddable":true,"href":"https:\/\/swp-dev.com\/asaf-test\/wp-json\/wp\/v2\/tags?post=1752"}],"curies":[{"name":"wp","href":"https:\/\/api.w.org\/{rel}","templated":true}]}}