{"id":1759,"date":"2023-11-16T15:00:54","date_gmt":"2023-11-16T14:00:54","guid":{"rendered":"https:\/\/swp-dev.com\/asaf-test\/?p=1759"},"modified":"2024-04-14T11:57:04","modified_gmt":"2024-04-14T09:57:04","slug":"allocution-du-general-thierry-burkahrd-cema","status":"publish","type":"post","link":"https:\/\/swp-dev.com\/asaf-test\/allocution-du-general-thierry-burkahrd-cema\/","title":{"rendered":"Allocution du G\u00e9n\u00e9ral thierry Burkahrd, CEMA."},"content":{"rendered":"<p>Chaque prise d\u2019armes est un concentr\u00e9 de traditions militaires. Bien s\u00fbr le lieu importe. \u00catre entour\u00e9 par les murs s\u00e9culaires de la cour d\u2019honneur des Invalides offre un suppl\u00e9ment de solennit\u00e9. Mais, la simplicit\u00e9 de\u00a0 la place d\u2019armes d\u2019un r\u00e9giment, du pont d\u2019envol d\u2019un navire de guerre ou du tarmac d\u2019une base a\u00e9rienne offrent une unicit\u00e9 de lieu propice \u00e0 faire le lien entre ce que nous faisons et ce que nous sommes.<br \/>\n\u00c0 chaque c\u00e9r\u00e9monie, la vari\u00e9t\u00e9 des insignes et des coiffures valorise l\u2019identit\u00e9 des diff\u00e9rents corps, sans jamais supplanter l\u2019alignement uniforme des troupes en armes qui r\u00e9v\u00e8le notre appartenance commune \u00e0\u00a0 l\u2019arm\u00e9e fran\u00e7aise. Surtout, marqu\u00e9e du sceau de la discipline formelle, qui demeure comme pour nos anciens le ferment de la puissance militaire, chaque prise d\u2019armes est une manifestation de la ma\u00eetrise de notre\u00a0 force.<br \/>\nEnfin, toujours, le drapeau aux trois couleurs de France figure notre nation et nous rappelle notre raison d\u2019\u00eatre au service de notre pays. C\u2019est pour t\u00e9moigner notre respect \u00e0 ce qu\u2019il repr\u00e9sente et pour que tous le\u00a0 voient bien, qu\u2019il arrive le dernier, entour\u00e9 de sa garde. Et parfois, comme aujourd\u2019hui, il vient se placer derri\u00e8re ceux qui sont d\u00e9cor\u00e9s pour attester leurs m\u00e9rites et leur loyaut\u00e9.<br \/>\nL\u2019histoire de notre pays conf\u00e8re \u00e0 ces v\u00e9rit\u00e9s sobres une valeur qu\u2019il est important de rappeler. Cela l\u2019est d\u2019autant plus dans une p\u00e9riode marqu\u00e9e par les d\u00e9r\u00e8glements profonds du monde. Ils \u00e9branlent nos certitudes\u00a0 et en ce sens nous vivons un moment singulier. Pour autant, pour nous soldats, marins et aviateurs des arm\u00e9es fran\u00e7aises, la mission est inchang\u00e9e, de m\u00eame que les exigences li\u00e9es \u00e0 notre statut. Ces\u00a0 permanences sont le fondement de notre existence et la source de notre efficacit\u00e9. Notre honneur est de les garder en r\u00e9f\u00e9rentiel, ind\u00e9pendamment des circonstances. Aussi, s\u2019approprier et faire vivre les traditions\u00a0 militaires sont une mani\u00e8re de rappeler pourquoi nous nous battons.<br \/>\nCe qui rel\u00e8ve de ces finalit\u00e9s inalt\u00e9rables doit \u00eatre bien distingu\u00e9 des modalit\u00e9s d\u2019ex\u00e9cution. Dans ce domaine, la plus grande imagination est requise pour s\u2019adapter aux contraintes perp\u00e9tuellement \u00e9volutives de la\u00a0 guerre. Parce qu\u2019il s\u2019agit de contrer une volont\u00e9 adverse, il existe rarement de solutions parfaites. D\u00e8s lors, la responsabilit\u00e9 incombe \u00e0 la cha\u00eene de commandement, non pas de prescrire strictement, mais de rallier<br \/>\n\u00e0 une intention en coordonnant l\u2019encha\u00eenement des initiatives et des r\u00e9actions de chaque \u00e9chelon. En cons\u00e9quence, la confiance qui irrigue le lien hi\u00e9rarchique appara\u00eet comme un \u00e9l\u00e9ment indispensable. Confiance\u00a0 du chef envers ses subordonn\u00e9s qui savent trouver la mani\u00e8re la plus pertinente d\u2019atteindre l\u2019objectif. Confiance du subordonn\u00e9 envers ses chefs qui d\u00e9cident \u00e0 partir d\u2019un champ plus vaste de contraintes et\u00a0 d\u2019imp\u00e9ratifs.<br \/>\nDans cet esprit, b\u00e2tir la confiance n\u00e9cessite de faire des efforts pour agir en serviteur d\u2019une cause qui nous d\u00e9passe tous. J\u2019ai la conviction qu\u2019il s\u2019agit d\u2019un \u00e9tat d\u2019esprit d\u00e9j\u00e0 \u00e0 l\u2019\u0153uvre chaque jour dans les arm\u00e9es\u00a0 fran\u00e7aises et qu\u2019il nous faut entretenir. De fait, quand nous sourions ensemble dans les difficult\u00e9s, c\u2019est l\u2019expression du choix collectif que nous faisons de continuer d\u2019avancer, sans nous r\u00e9signer ou nous laisser\u00a0 arr\u00eater par de pi\u00e8tres contingences.<br \/>\nH\u00e9lie de Saint Marc nous dit : \u00ab La vie est un combat [\u2026]. Ceux qui vivent sont ceux qui se battent \u00bb. Cela demande assur\u00e9ment du courage. Nous devons garder le courage guerrier de monter \u00e0 l\u2019assaut pour d\u00e9truire\u00a0 notre ennemi lorsque cela sera n\u00e9cessaire.<br \/>\nNous devons aussi avoir le courage discret du quotidien : courage intellectuel pour discerner la v\u00e9rit\u00e9, courage moral pour pr\u00e9server la rigueur, courage physique pour d\u00e9passer ses limites. Nous devons le faire\u00a0 maintenant alors que les valeurs de libert\u00e9, d\u2019\u00e9galit\u00e9 et de fraternit\u00e9 sont ouvertement menac\u00e9es voire vis\u00e9es. Nous devons le faire pour dissuader nos adversaires et pour montrer notre d\u00e9termination.<br \/>\n\u00catre l\u2019ultima ratio n\u2019implique pas d\u2019attendre que les autres recours soient \u00e9puis\u00e9s. Dans bien des cas, il sera d\u2019ailleurs trop tard. Mettons d\u00e8s \u00e0 pr\u00e9sent toute la force de notre imagination pour remplir notre mission et \u00ab gagner la guerre avant la guerre \u00bb.<br \/>\nEn avant !<\/p>\n","protected":false},"excerpt":{"rendered":"<p>Chaque prise d\u2019armes est un concentr\u00e9 de traditions militaires. Bien s\u00fbr le lieu importe. \u00catre entour\u00e9 par les murs s\u00e9culaires de la cour d\u2019honneur des Invalides offre un suppl\u00e9ment de solennit\u00e9. Mais, la simplicit\u00e9 de\u00a0 la place d\u2019armes d\u2019un r\u00e9giment, du pont d\u2019envol d\u2019un navire de guerre ou du tarmac d\u2019une base a\u00e9rienne offrent une [&hellip;]<\/p>\n","protected":false},"author":1,"featured_media":0,"comment_status":"open","ping_status":"open","sticky":false,"template":"","format":"standard","meta":{"_et_pb_use_builder":"","_et_pb_old_content":"","_et_gb_content_width":"","footnotes":""},"categories":[22],"tags":[],"class_list":["post-1759","post","type-post","status-publish","format-standard","hentry","category-infos-generales-armees-cema"],"_links":{"self":[{"href":"https:\/\/swp-dev.com\/asaf-test\/wp-json\/wp\/v2\/posts\/1759","targetHints":{"allow":["GET"]}}],"collection":[{"href":"https:\/\/swp-dev.com\/asaf-test\/wp-json\/wp\/v2\/posts"}],"about":[{"href":"https:\/\/swp-dev.com\/asaf-test\/wp-json\/wp\/v2\/types\/post"}],"author":[{"embeddable":true,"href":"https:\/\/swp-dev.com\/asaf-test\/wp-json\/wp\/v2\/users\/1"}],"replies":[{"embeddable":true,"href":"https:\/\/swp-dev.com\/asaf-test\/wp-json\/wp\/v2\/comments?post=1759"}],"version-history":[{"count":1,"href":"https:\/\/swp-dev.com\/asaf-test\/wp-json\/wp\/v2\/posts\/1759\/revisions"}],"predecessor-version":[{"id":1760,"href":"https:\/\/swp-dev.com\/asaf-test\/wp-json\/wp\/v2\/posts\/1759\/revisions\/1760"}],"wp:attachment":[{"href":"https:\/\/swp-dev.com\/asaf-test\/wp-json\/wp\/v2\/media?parent=1759"}],"wp:term":[{"taxonomy":"category","embeddable":true,"href":"https:\/\/swp-dev.com\/asaf-test\/wp-json\/wp\/v2\/categories?post=1759"},{"taxonomy":"post_tag","embeddable":true,"href":"https:\/\/swp-dev.com\/asaf-test\/wp-json\/wp\/v2\/tags?post=1759"}],"curies":[{"name":"wp","href":"https:\/\/api.w.org\/{rel}","templated":true}]}}