{"id":2019,"date":"2024-04-04T09:08:02","date_gmt":"2024-04-04T07:08:02","guid":{"rendered":"https:\/\/swp-dev.com\/asaf-test\/?p=2019"},"modified":"2024-04-18T10:22:34","modified_gmt":"2024-04-18T08:22:34","slug":"rwanda-droit-de-reponse-du-general-jean-claude-lafourcade","status":"publish","type":"post","link":"https:\/\/swp-dev.com\/asaf-test\/rwanda-droit-de-reponse-du-general-jean-claude-lafourcade\/","title":{"rendered":"RWANDA : Droit de r\u00e9ponse du g\u00e9n\u00e9ral Jean-Claude Lafourcade"},"content":{"rendered":"<p><span style=\"color: #00407d;\">Mise au point du G\u00e9n\u00e9ral Jean Claude Lafourcade suite \u00e0 la d\u00e9claration du Pr\u00e9sident Macron du 4 avril 2024<\/span><\/p>\n<p><span style=\"color: #00407d;\"><em>\u00ab\u00a0La France aurait pu arr\u00eater le g\u00e9nocide avec ses alli\u00e9s occidentaux et africains mais n\u2019en a pas eu la volont\u00e9\u00a0\u00bb (Pdt Macron)<\/em><\/span><\/p>\n<p><span style=\"color: #00407d;\">En tant qu\u2019ancien commandant de l\u2019op\u00e9ration Turquoise je peux t\u00e9moigner que la France a eu la volont\u00e9 de r\u00e9tablir la paix [&#8230;]<\/span><\/p>\n<p><em>\u00ab\u00a0La France aurait pu arr\u00eater le g\u00e9nocide avec ses alli\u00e9s occidentaux et africains mais n\u2019en a pas eu la volont\u00e9\u00a0\u00bb (Pdt Macron)<\/em><\/p>\n<p>En tant qu\u2019ancien commandant de l\u2019op\u00e9ration Turquoise je peux t\u00e9moigner que la France a eu la volont\u00e9 de r\u00e9tablir la paix et d\u2019arr\u00eater le g\u00e9nocide au Rwanda.<\/p>\n<p>D\u00e8s le d\u00e9but de l\u2019agression du Rwanda par le FPR tutsi, le Pr\u00e9sident Mitterrand a eu la volont\u00e9 constante de r\u00e9tablir la paix et de mettre fin au conflit en imposant des n\u00e9gociations au Pr\u00e9sident Hutu Habyarimana. Les accords d\u2019Arusha en 1993 ont permis d\u2019arr\u00eater les combats et d\u2019instituer un partage du pouvoir avec l\u2019installation d\u2019un bataillon du FPR \u00e0 Kigali. Une force de l\u2019Onu de 2.500 hommes, la\u00a0Minuar, a \u00e9t\u00e9 mise en place pour contr\u00f4ler ces accords. Tous les soldats fran\u00e7ais ont alors quitt\u00e9 le Rwanda.<\/p>\n<p>L\u2019attentat sur l\u2019avion du Pr\u00e9sident rwandais le 6 avril 1994 a \u00e9t\u00e9 l\u2019\u00e9v\u00e9nement d\u00e9clencheur des massacres et du g\u00e9nocide. L\u2019ONU, sous la pression des occidentaux et du FPR, a alors inexplicablement retir\u00e9 l\u2019essentiel des troupes de la Minuar alors qu\u2019elle aurait pu arr\u00eater les massacres. Comment ne pas penser que les am\u00e9ricains et les britanniques voulaient laisser le champ libre \u00e0 Kagame dans sa conqu\u00eate du pouvoir. En effet ces occidentaux, lorsque les massacres ont pris de l\u2019ampleur, ont refus\u00e9 d\u2019intervenir. C\u2019est la France la premi\u00e8re qui, d\u00e8s le mois de mai, reconnait un g\u00e9nocide et d\u00e9cide d\u2019une intervention avec la Force Turquoise sous mandat de l\u2019ONU malgr\u00e9 l\u2019opposition du FPR et de la Minuar. Aucun de ses\u00a0\u00ab\u00a0alli\u00e9s occidentaux\u00a0\u00bb ne s\u2019est joint \u00e0 elle.<\/p>\n<p>L\u2019op\u00e9ration Turquoise a \u00e9t\u00e9 la manifestation de la volont\u00e9 de la France d\u2019arr\u00eater le g\u00e9nocide et le nier n\u2019est pas acceptable pour les soldats qui ont rempli cette mission difficile avec courage et honneur. \u00a0Mais les blocages des am\u00e9ricains \u00e0 l\u2019Onu n\u2019ont permis l\u2019intervention Turquoise qu\u2019au mois de juin, laquelle, bien que tardive, a arr\u00eat\u00e9 le g\u00e9nocide et sauv\u00e9 plus de 15.000 vies rwandaises.<\/p>\n<p>Pourquoi refuse-t-on de s\u2019interroger sur l\u2019absence de volont\u00e9 des occidentaux d\u2019arr\u00eater le g\u00e9nocide alors que la France \u00e9tait la plus mal plac\u00e9e pour le faire compte tenue de ses accords de coop\u00e9ration pr\u00e9c\u00e9dents avec le Rwanda\u00a0?<\/p>\n<p><strong>G\u00e9n\u00e9ral (2S) Jean-Claude LAFOURCADE<\/strong><br \/>\nLille le 5 avril, 2024<\/p>\n","protected":false},"excerpt":{"rendered":"<p>Mise au point du G\u00e9n\u00e9ral Jean Claude Lafourcade suite \u00e0 la d\u00e9claration du Pr\u00e9sident Macron du 4 avril 2024 \u00ab\u00a0La France aurait pu arr\u00eater le g\u00e9nocide avec ses alli\u00e9s occidentaux et africains mais n\u2019en a pas eu la volont\u00e9\u00a0\u00bb (Pdt Macron) En tant qu\u2019ancien commandant de l\u2019op\u00e9ration Turquoise je peux t\u00e9moigner que la France a [&hellip;]<\/p>\n","protected":false},"author":1,"featured_media":0,"comment_status":"open","ping_status":"open","sticky":false,"template":"","format":"standard","meta":{"_et_pb_use_builder":"","_et_pb_old_content":"","_et_gb_content_width":"","footnotes":""},"categories":[24],"tags":[],"class_list":["post-2019","post","type-post","status-publish","format-standard","hentry","category-billet-d-humeur"],"_links":{"self":[{"href":"https:\/\/swp-dev.com\/asaf-test\/wp-json\/wp\/v2\/posts\/2019","targetHints":{"allow":["GET"]}}],"collection":[{"href":"https:\/\/swp-dev.com\/asaf-test\/wp-json\/wp\/v2\/posts"}],"about":[{"href":"https:\/\/swp-dev.com\/asaf-test\/wp-json\/wp\/v2\/types\/post"}],"author":[{"embeddable":true,"href":"https:\/\/swp-dev.com\/asaf-test\/wp-json\/wp\/v2\/users\/1"}],"replies":[{"embeddable":true,"href":"https:\/\/swp-dev.com\/asaf-test\/wp-json\/wp\/v2\/comments?post=2019"}],"version-history":[{"count":3,"href":"https:\/\/swp-dev.com\/asaf-test\/wp-json\/wp\/v2\/posts\/2019\/revisions"}],"predecessor-version":[{"id":2348,"href":"https:\/\/swp-dev.com\/asaf-test\/wp-json\/wp\/v2\/posts\/2019\/revisions\/2348"}],"wp:attachment":[{"href":"https:\/\/swp-dev.com\/asaf-test\/wp-json\/wp\/v2\/media?parent=2019"}],"wp:term":[{"taxonomy":"category","embeddable":true,"href":"https:\/\/swp-dev.com\/asaf-test\/wp-json\/wp\/v2\/categories?post=2019"},{"taxonomy":"post_tag","embeddable":true,"href":"https:\/\/swp-dev.com\/asaf-test\/wp-json\/wp\/v2\/tags?post=2019"}],"curies":[{"name":"wp","href":"https:\/\/api.w.org\/{rel}","templated":true}]}}