{"id":565,"date":"2023-02-23T09:26:13","date_gmt":"2023-02-23T08:26:13","guid":{"rendered":"https:\/\/swp-dev.com\/asaf-test\/?p=565"},"modified":"2024-02-29T23:59:56","modified_gmt":"2024-02-29T22:59:56","slug":"le-necessaire-retour-des-forces-morales-lettre-asaf-du-mois-de-fevrier-2023","status":"publish","type":"post","link":"https:\/\/swp-dev.com\/asaf-test\/le-necessaire-retour-des-forces-morales-lettre-asaf-du-mois-de-fevrier-2023\/","title":{"rendered":"\u00ab\u00a0Le n\u00e9cessaire retour des forces morales\u00a0\u00bb : Lettre ASAF du mois de f\u00e9vrier 2023"},"content":{"rendered":"<p><img loading=\"lazy\" decoding=\"async\" class=\"alignleft size-full wp-image-345\" src=\"https:\/\/swp-dev.com\/asaf-test\/wp-content\/uploads\/2023\/02\/logo-asafrance-239x148-1.jpg\" alt=\"\" width=\"239\" height=\"148\" \/>\u00c0 l\u2019heure o\u00f9 nous comm\u00e9morons, ce mois-ci, le 107e anniversaire de la bataille de Verdun, notre pays est envahi par la morosit\u00e9. Il est vrai que, depuis trois ans, il traverse sans discontinuer des difficult\u00e9s de tous ordres [&#8230;]. Cependant, nous devrions nous interroger sur les ressorts qui ont permis, \u00e0 Verdun, \u00e0 des hommes [&#8230;] de tenir.<\/p>\n<p>&nbsp;<\/p>\n<p style=\"text-align: center;\"><strong>Le n\u00e9cessaire retour des forces morales<\/strong><\/p>\n<p>&nbsp;<\/p>\n<p style=\"text-align: center;\"><em><strong>\u00ab\u00a0Les poitrines sont le meilleur rempart de la cit\u00e9\u00a0\u00bb<br \/>\n<\/strong><\/em><strong>(Thucydide 400 ans av. J.-C.)<\/strong><\/p>\n<p>&nbsp;<\/p>\n<p>\u00c0 l\u2019heure o\u00f9 nous comm\u00e9morons, ce mois-ci, le 107<sup>e\u00a0<\/sup>anniversaire de la bataille de Verdun, notre pays est envahi par la morosit\u00e9. Il est vrai que, depuis trois ans, il traverse sans discontinuer des\u00a0 difficult\u00e9s de tous ordres\u00a0: pand\u00e9mie, mouvements sociaux et gr\u00e8ves \u00e0 r\u00e9p\u00e9tition, inflation, crise \u00e9nerg\u00e9tique, accidents climatiques, spectre de la guerre \u00e0 la fronti\u00e8re de l\u2019Europe. Cependant, nous devrions nous interroger sur les ressorts qui ont permis, \u00e0 Verdun, \u00a0\u00e0 des hommes, appartenant \u00e0 toutes les classes sociales, aux niveaux scolaires et culturels les plus vari\u00e9s et dont les vies ant\u00e9rieures allaient de la plus confortable \u00e0 la plus rude, de tenir.<\/p>\n<p>Si, d\u00e8s les premiers jours de la bataille\u00a0 qui en compta 301 (du 21 janvier au 18 d\u00e9cembre 1916), la r\u00e9sistance fut aussi acharn\u00e9e, c\u2019est parce que les combattants accept\u00e8rent, quand bien-m\u00eame cela aurait pu, parfois, leur para\u00eetre discutable sur le plan tactique,\u00a0<em>de tenir le terrain \u00e0 tout prix<\/em>\u00a0(formule souvent utilis\u00e9e dans les ordres du jour des chefs), sans aucune tentation de r\u00e9volte et souvent dans les pires conditions. Pourquoi\u00a0? Parce que ces hommes d\u00e9fendaient\u00a0 leur territoire tout autant qu\u2019ils ob\u00e9issaient \u00e0 leurs chefs. Chaque soldat d\u00e9fendait avec acharnement son morceau de cr\u00e9neau, sur parfois \u00e0 peine plus d\u2019un m\u00e8tre de terrain, parce qu\u2019il avait conscience que derri\u00e8re lui se tenait le pays tout entier et, en son sein, sa m\u00e8re, sa femme ou encore ses enfants. Son moteur\u00a0? La force morale\u00a0! Verdun fut avant tout le triomphe des forces morales.<\/p>\n<p>La victoire de Verdun montre ce que peut faire un peuple qui ne veut pas mourir. Un nouvel exemple de ce que peut-\u00eatre la force d\u2019\u00e2me d\u2019un peuple nous est donn\u00e9 aujourd\u2019hui par les Ukrainiens. C\u2019est pr\u00e9cis\u00e9ment cette volont\u00e9 que le peuple fran\u00e7ais d\u2019aujourd\u2019hui a perdue et qu\u2019il doit retrouver. Depuis quatre ans, des sondages r\u00e9p\u00e9t\u00e9s montrent que les Fran\u00e7ais font preuve d\u2019un immense pessimisme et, parmi eux, les jeunes plus encore que leurs a\u00een\u00e9s. Au sein de l\u2019Union europ\u00e9enne, ils sont m\u00e9daill\u00e9s d\u2019argent, seule l\u2019Italie se montrant encore moins confiante en l\u2019avenir.<\/p>\n<p>Tout cela pourrait appara\u00eetre comme une caract\u00e9ristique bien fran\u00e7aise, une forme d\u2019individualisme bien connue, bref, un p\u00e9ch\u00e9 v\u00e9niel. Sauf que, comme ne cessent de nous le r\u00e9p\u00e9ter nos responsables politiques,\u00a0<em>\u00ab\u00a0nous sommes en guerre\u00a0\u00bb\u00a0<\/em>et, de surcro\u00eet, une autre guerre, aux fronti\u00e8res de l\u2019Europe, menace notre vie int\u00e9rieure. Or, la guerre est pr\u00e9cis\u00e9ment la circonstance qui exige, de la part des habitants d\u2019un pays attaqu\u00e9, le sursaut moral le plus grand. Il n\u2019y a pas d\u2019\u00e9v\u00e9nement sup\u00e9rieur \u00e0 celui-ci en termes d\u2019exigences ! De plus, ce sont pr\u00e9cis\u00e9ment des jeunes qui ont constitu\u00e9, le 13 novembre 2015 , l\u2019essentiel des cibles des terroristes qui ont frapp\u00e9 \u00e0 Paris. Ce sont donc ces jeunes qui, en priorit\u00e9, doivent trouver les forces morales permettant \u00e0 notre pays de rester debout.<\/p>\n<p>Si n\u00e9anmoins les jeunes Fran\u00e7ais ont besoin pour ce faire de r\u00e9f\u00e9rences, de mod\u00e8les, il leur suffit de penser \u00e0 ces autres jeunes du m\u00eame \u00e2ge, et qui pourraient \u00eatre leurs fr\u00e8res et s\u0153urs (qui le sont peut-\u00eatre dans certains cas) et qui combattent sur terre, sur mer et dans les airs, au Sahel, dans le Golfe arabo-persique ou en M\u00e9diterran\u00e9e orientale, ou encore \u00e0 tous ces soldats qu\u2019ils croisent dans leur quotidien dans nos villes dans le cadre de l\u2019op\u00e9ration\u00a0<em>Sentinelle<\/em>. Ces soldats, comme leurs lointains parents de 1914 (oui, parents, car pas une seule\u00a0 famille fran\u00e7aise n\u2019a pas eu au moins l\u2019un de ses membres, proche ou lointain, mobilis\u00e9 entre 1914 et 1918) n\u2019ont pas seulement le sentiment d\u2019avoir derri\u00e8re eux des dunes de sable, des regs, des vagues soulev\u00e9es par la houle ou des nuages plus ou moins mena\u00e7ants, mais aussi leur maison, celle de leurs parents ou de leurs amis. En traquant les terroristes jusque dans leurs rep\u00e8res, c\u2019est le territoire national fran\u00e7ais qu\u2019ils d\u00e9fendent.<\/p>\n<p>Pour ce qui concerne les aspects strictement militaires, qui sont ceux qui, au premier chef, int\u00e9ressent l\u2019ASAF, il faut que la France retrouve son rang de puissance et, pour cela, se r\u00e9arme. Un accroissement substantiel des moyens doit s\u2019accompagner d\u2019une doctrine militaire adapt\u00e9e \u00e0 une nouvelle vision en mati\u00e8re de politique \u00e9trang\u00e8re en direction du Moyen-Orient, de l\u2019Afrique, mais aussi, d\u00e9sormais, de l\u2019Europe o\u00f9 le combat de haute intensit\u00e9 est de retour comme l\u2019avait pr\u00e9dit l\u2019actuel chef d\u2019\u00e9tat-major des Arm\u00e9es.<\/p>\n<p>Nous devons aujourd\u2019hui faire preuve de courage pour gagner non pas la guerre, mais les guerres, celle \u00a0qui est port\u00e9e sur notre sol et celle qui nous menace depuis l\u2019Est. Cependant, la valeur de notre outil militaire d\u00e9pend, en tr\u00e8s grande partie, du moral de la Nation car d\u2019une part, dans notre d\u00e9mocratie, c\u2019est elle-m\u00eame qui r\u00e8gle notre organisation militaire et d\u2019autre part parce que nos soldats en \u00e9manent et que leur \u00e9tat d\u2019esprit ne peut pas \u00eatre tr\u00e8s diff\u00e9rent de celui de leurs concitoyens. Enfin, n\u2019oublions jamais qu\u2019en dernier ressort, et quelles que soient la quantit\u00e9 et la qualit\u00e9 des \u00e9quipements militaires dont on dispose, c\u2019est toujours avec son \u00e2me que l\u2019on se bat.<\/p>\n<p style=\"text-align: right;\"><em><strong>La R\u00c9DACTION de L\u2019ASAF<br \/>\n<a href=\"https:\/\/swp-dev.com\/asaf-test\" target=\"_blank\" rel=\"noopener\">www.asafrance.fr<\/a><br \/>\n<\/strong><\/em><\/p>\n","protected":false},"excerpt":{"rendered":"<p>\u00c0 l\u2019heure o\u00f9 nous comm\u00e9morons, ce mois-ci, le 107e anniversaire de la bataille de Verdun, notre pays est envahi par la morosit\u00e9. Il est vrai que, depuis trois ans, il traverse sans discontinuer des difficult\u00e9s de tous ordres [&#8230;]. Cependant, nous devrions nous interroger sur les ressorts qui ont permis, \u00e0 Verdun, \u00e0 des hommes [&#8230;] de tenir.<\/p>\n","protected":false},"author":1,"featured_media":566,"comment_status":"closed","ping_status":"open","sticky":false,"template":"","format":"standard","meta":{"_et_pb_use_builder":"","_et_pb_old_content":"","_et_gb_content_width":"","footnotes":""},"categories":[17],"tags":[],"class_list":["post-565","post","type-post","status-publish","format-standard","has-post-thumbnail","hentry","category-actualites"],"_links":{"self":[{"href":"https:\/\/swp-dev.com\/asaf-test\/wp-json\/wp\/v2\/posts\/565","targetHints":{"allow":["GET"]}}],"collection":[{"href":"https:\/\/swp-dev.com\/asaf-test\/wp-json\/wp\/v2\/posts"}],"about":[{"href":"https:\/\/swp-dev.com\/asaf-test\/wp-json\/wp\/v2\/types\/post"}],"author":[{"embeddable":true,"href":"https:\/\/swp-dev.com\/asaf-test\/wp-json\/wp\/v2\/users\/1"}],"replies":[{"embeddable":true,"href":"https:\/\/swp-dev.com\/asaf-test\/wp-json\/wp\/v2\/comments?post=565"}],"version-history":[{"count":2,"href":"https:\/\/swp-dev.com\/asaf-test\/wp-json\/wp\/v2\/posts\/565\/revisions"}],"predecessor-version":[{"id":630,"href":"https:\/\/swp-dev.com\/asaf-test\/wp-json\/wp\/v2\/posts\/565\/revisions\/630"}],"wp:featuredmedia":[{"embeddable":true,"href":"https:\/\/swp-dev.com\/asaf-test\/wp-json\/wp\/v2\/media\/566"}],"wp:attachment":[{"href":"https:\/\/swp-dev.com\/asaf-test\/wp-json\/wp\/v2\/media?parent=565"}],"wp:term":[{"taxonomy":"category","embeddable":true,"href":"https:\/\/swp-dev.com\/asaf-test\/wp-json\/wp\/v2\/categories?post=565"},{"taxonomy":"post_tag","embeddable":true,"href":"https:\/\/swp-dev.com\/asaf-test\/wp-json\/wp\/v2\/tags?post=565"}],"curies":[{"name":"wp","href":"https:\/\/api.w.org\/{rel}","templated":true}]}}