{"id":569,"date":"2023-02-23T09:30:40","date_gmt":"2023-02-23T08:30:40","guid":{"rendered":"https:\/\/swp-dev.com\/asaf-test\/?p=569"},"modified":"2023-02-23T19:20:29","modified_gmt":"2023-02-23T18:20:29","slug":"equipement-bientot-des-systemes-de-defense-sol-air-samp-t-ng-pour-la-france","status":"publish","type":"post","link":"https:\/\/swp-dev.com\/asaf-test\/equipement-bientot-des-systemes-de-defense-sol-air-samp-t-ng-pour-la-france\/","title":{"rendered":"EQUIPEMENT : Bient\u00f4t des syst\u00e8mes de d\u00e9fense sol-air SAMP\/T NG pour la France"},"content":{"rendered":"<p style=\"text-align: left;\"><strong><img loading=\"lazy\" decoding=\"async\" class=\"alignleft size-full wp-image-570\" src=\"https:\/\/swp-dev.com\/asaf-test\/wp-content\/uploads\/2023\/02\/2022_ASAP_022_O_001_017_1de3a57cc1eb3b01aa425247f5830e13.jpg\" alt=\"\" width=\"400\" height=\"224\" srcset=\"https:\/\/swp-dev.com\/asaf-test\/wp-content\/uploads\/2023\/02\/2022_ASAP_022_O_001_017_1de3a57cc1eb3b01aa425247f5830e13.jpg 400w, https:\/\/swp-dev.com\/asaf-test\/wp-content\/uploads\/2023\/02\/2022_ASAP_022_O_001_017_1de3a57cc1eb3b01aa425247f5830e13-300x168.jpg 300w\" sizes=\"auto, (max-width: 400px) 100vw, 400px\" \/>IDEX 2023 : Une premi\u00e8re capacit\u00e9 SAMP\/T NG livr\u00e9e \u00e0 la France fin 2025<\/strong><\/p>\n<p style=\"text-align: left;\"><strong>Eurosam pr\u00e9voit de livrer les premiers syst\u00e8mes de d\u00e9fense sol-air SAMP\/T NG \u00e0 ses client fran\u00e7ais et italien fin 2025, indique le groupement form\u00e9 par Thales et MBDA cette semaine au salon \u00e9mirati IDEX.<\/strong><\/p>\n<p>&nbsp;<\/p>\n<p><strong>Premi\u00e8res livraisons d\u2019ici 2026<\/strong><\/p>\n<p>\u00ab La production globale de syst\u00e8mes SAMP\/T NG a d\u00e9marr\u00e9 \u00bb, s\u2019est f\u00e9licit\u00e9e Eva Bruxmeier, \u00e0 la t\u00eate d\u2019Eurosam depuis 2018. Une \u00e9tape majeure, fruit de la notification de deux contrats \u00e0 quelques mois d\u2019intervalle : l\u2019un pour les nouveaux radars GF 300 et Kronos Grand Mobile High Power et l\u2019autre, attribu\u00e9 le 31 janvier, pour les modules d\u2019engagement de nouvelle g\u00e9n\u00e9ration. \u00ab Tout est renouvel\u00e9 selon les exigences que nous avons re\u00e7ues de la part de la France et de l\u2019Italie \u00bb, compl\u00e8te Eurosam.<\/p>\n<p>Hormis les radars et le module d\u2019engagement, l\u2019op\u00e9ration comprend la mise \u00e0 jour de l\u2019\u00e9lectronique des lanceurs et des moyens de communication. Les standards et technologies ayant \u00e9volu\u00e9, \u00ab nous n\u2019allons pas laisser des moyens de communication d\u2019il y a 20 ans \u00bb, souligne Eva Bruxmeier. L\u2019ensemble conf\u00e9rera aux huit sections MAMBA de l\u2019arm\u00e9e de l\u2019Air et de l\u2019Espace des capacit\u00e9s de d\u00e9tection dans un rayon de 350 km et d\u2019interception jusqu\u2019\u00e0 150 km.<\/p>\n<p>La production notifi\u00e9e, le calendrier se pr\u00e9cise pour les premi\u00e8res livraisons. Selon Eurosam, une capacit\u00e9 initiale sera livr\u00e9e en fin d\u2019ann\u00e9e 2025. De quoi laisser plus d\u2019une ann\u00e9e \u00e0 l\u2019arm\u00e9e de l\u2019Air et de l\u2019Espace pour se faire la main et atteindre l\u2019objectif d\u2019entr\u00e9e en service d\u2019une premi\u00e8re section courant 2027.<\/p>\n<p>Ce jalon de 2027, c\u2019est aussi celui fix\u00e9 pour la perception des premiers missiles Aster 30 B1 NT, un pan d\u2019une commande conjointe pour pr\u00e8s de 700 missiles de la famille Aster act\u00e9e en janvier par les deux pays. Qu\u2019il s\u2019agisse des missiles Aster ou des syst\u00e8mes SAMP\/T NG, l\u2019enjeu est de taille et n\u00e9cessitera d\u2019\u00ab augmenter la capacit\u00e9 industrielle en France et en Italie \u00bb, rel\u00e8ve Eva Bruxmeier.<\/p>\n<p>&nbsp;<\/p>\n<p><strong>\u00c9volutions et futurs march\u00e9s<\/strong><\/p>\n<p>Avec une feuille de route portant jusqu\u2019en 2050, les r\u00e9flexions ne s\u2019arr\u00eatent \u00e0 la livraison de ce qui reste un premier niveau de capacit\u00e9 op\u00e9rationnelle (OC1). Hormis la continuation du soutien en service, les acteurs concern\u00e9s planchent d\u2019ores et d\u00e9j\u00e0 sur plusieurs pistes d\u2019\u00e9volution. \u00ab Le syst\u00e8me a toujours beaucoup de potentiel. Nous n\u2019arr\u00eatons jamais de le faire \u00e9voluer selon les demandes du client \u00bb, rappelle Eva Bruxmeier.<\/p>\n<p>Exemple parmi d\u2019autres, l\u2019int\u00e9gration de syst\u00e8mes de d\u00e9fense a\u00e9rienne \u00e0 courte et tr\u00e8s courte port\u00e9es (SHORAD\/VSHORAD). \u00ab Les deux clients nous ont demand\u00e9 d\u2019entamer les \u00e9tudes d\u2019int\u00e9gration pour parvenir \u00e0 un syst\u00e8me multicouches \u00bb, compl\u00e8te Eurosam. Le SAMP\/T NG est en effet pr\u00e9dispos\u00e9 \u00e0 accueillir d\u2019autres composantes, notamment gr\u00e2ce \u00e0 un module d\u2019engagement comprenant quatre postes de travail, contre deux pour la version actuelle. L\u2019un sera d\u00e9di\u00e9 de mani\u00e8re quasi-permanente \u00e0 un sp\u00e9cialiste cyber, une comp\u00e9tence devenue n\u00e9cessaire. Reste un si\u00e8ge libre pour l\u2019accueil d\u2019un quatri\u00e8me op\u00e9rateur.<\/p>\n<p>La d\u00e9marche intervient \u00e0 l\u2019heure o\u00f9 la France projette d\u2019investir pr\u00e8s de 5 Md\u20ac pour le renforcement de sa d\u00e9fense antia\u00e9rienne. Gr\u00e2ce \u00e0 cet effort inscrit dans la prochaine loi de programmation militaire pour 2024-2030, \u00ab nous augmenterons nos capacit\u00e9s dans toutes les couches de la d\u00e9fense a\u00e9rienne d\u2019au moins 50 % \u00bb, annon\u00e7ait le pr\u00e9sident de la R\u00e9publique en janvier lors de ses voeux aux arm\u00e9es. Une volont\u00e9 qui rejoint une proposition parlementaire de porter \u00e0 12 le nombre de sections fran\u00e7aises et qui, si elle se confirme, soutiendra l\u2019activit\u00e9 parmi les six sites concern\u00e9s des deux c\u00f4t\u00e9s des Alpes.<\/p>\n<p>C\u00f4t\u00e9 italien, l\u2019arm\u00e9e de l\u2019air a d\u00e9sormais rejoint le programme au travers de la commande de missiles act\u00e9e le mois dernier. Ses cinq futures batteries SAMP\/T NG feront l\u2019objet d\u2019un nouvel incr\u00e9ment dont la finalisation est \u00ab attendue pour cette ann\u00e9e \u00bb. Le SAMP\/T NG sera disponible \u00e0 compter de 2026 \u00ab pour les autres clients \u00bb. De fait, Fran\u00e7ais et Italiens ne sont pas les seuls \u00e0 avoir programm\u00e9 le renforcement de leur bouclier antia\u00e9rien. \u00ab Il existe des perspectives au Moyen-Orient \u00bb, explique un groupement qui esp\u00e8re en parall\u00e8le d\u00e9velopper de nouveaux contacts en Europe.<\/p>\n<p style=\"text-align: right;\"><strong>Nathan GAIN<\/strong><br \/>\n<em><a href=\"https:\/\/www.forcesoperations.com\/idex-2023-une-premiere-capacite-samp-t-ng-livree-a-la-france-fin-2025\/\" target=\"_blank\" rel=\"noopener\">Forces Op\u00e9rations Blog (FOB)<\/a><\/em><br \/>\n22\/02\/2023<\/p>\n<p>&nbsp;<\/p>\n<p style=\"text-align: right;\">Source photo :<strong>\u00a0<a href=\"https:\/\/www.defense.gouv.fr\/eurosatory\/systeme-sol-air-moyenne-portee-nouvelle-generation-samp-ng\" target=\"_blank\" rel=\"noopener\">Minist\u00e8re des Arm\u00e9es<\/a><\/strong><\/p>\n","protected":false},"excerpt":{"rendered":"<p>ceci est l&rsquo;extrait<\/p>\n","protected":false},"author":5,"featured_media":570,"comment_status":"closed","ping_status":"closed","sticky":false,"template":"","format":"standard","meta":{"_et_pb_use_builder":"","_et_pb_old_content":"","_et_gb_content_width":"","footnotes":""},"categories":[17],"tags":[],"class_list":["post-569","post","type-post","status-publish","format-standard","has-post-thumbnail","hentry","category-actualites"],"_links":{"self":[{"href":"https:\/\/swp-dev.com\/asaf-test\/wp-json\/wp\/v2\/posts\/569","targetHints":{"allow":["GET"]}}],"collection":[{"href":"https:\/\/swp-dev.com\/asaf-test\/wp-json\/wp\/v2\/posts"}],"about":[{"href":"https:\/\/swp-dev.com\/asaf-test\/wp-json\/wp\/v2\/types\/post"}],"author":[{"embeddable":true,"href":"https:\/\/swp-dev.com\/asaf-test\/wp-json\/wp\/v2\/users\/5"}],"replies":[{"embeddable":true,"href":"https:\/\/swp-dev.com\/asaf-test\/wp-json\/wp\/v2\/comments?post=569"}],"version-history":[{"count":7,"href":"https:\/\/swp-dev.com\/asaf-test\/wp-json\/wp\/v2\/posts\/569\/revisions"}],"predecessor-version":[{"id":671,"href":"https:\/\/swp-dev.com\/asaf-test\/wp-json\/wp\/v2\/posts\/569\/revisions\/671"}],"wp:featuredmedia":[{"embeddable":true,"href":"https:\/\/swp-dev.com\/asaf-test\/wp-json\/wp\/v2\/media\/570"}],"wp:attachment":[{"href":"https:\/\/swp-dev.com\/asaf-test\/wp-json\/wp\/v2\/media?parent=569"}],"wp:term":[{"taxonomy":"category","embeddable":true,"href":"https:\/\/swp-dev.com\/asaf-test\/wp-json\/wp\/v2\/categories?post=569"},{"taxonomy":"post_tag","embeddable":true,"href":"https:\/\/swp-dev.com\/asaf-test\/wp-json\/wp\/v2\/tags?post=569"}],"curies":[{"name":"wp","href":"https:\/\/api.w.org\/{rel}","templated":true}]}}