{"id":626,"date":"2023-02-23T18:19:08","date_gmt":"2023-02-23T17:19:08","guid":{"rendered":"https:\/\/swp-dev.com\/asaf-test\/?p=626"},"modified":"2024-02-29T23:59:47","modified_gmt":"2024-02-29T22:59:47","slug":"cooperation-la-marine-nationale-aux-cotes-des-marines-du-cap-vert-de-la-gambie-et-du-senegal","status":"publish","type":"post","link":"https:\/\/swp-dev.com\/asaf-test\/cooperation-la-marine-nationale-aux-cotes-des-marines-du-cap-vert-de-la-gambie-et-du-senegal\/","title":{"rendered":"COOPERATION : La Marine nationale aux c\u00f4t\u00e9s des marines du Cap-Vert, de la Gambie et du S\u00e9n\u00e9gal"},"content":{"rendered":"<p style=\"text-align: center;\"><strong><img loading=\"lazy\" decoding=\"async\" class=\"alignleft size-full wp-image-627\" src=\"https:\/\/swp-dev.com\/asaf-test\/wp-content\/uploads\/2023\/02\/20230216_CORYMBE_AFRICAN_NEMO_1_30c2783b80cec6839a630151766ba1cf.jpg\" alt=\"\" width=\"400\" height=\"224\" srcset=\"https:\/\/swp-dev.com\/asaf-test\/wp-content\/uploads\/2023\/02\/20230216_CORYMBE_AFRICAN_NEMO_1_30c2783b80cec6839a630151766ba1cf.jpg 400w, https:\/\/swp-dev.com\/asaf-test\/wp-content\/uploads\/2023\/02\/20230216_CORYMBE_AFRICAN_NEMO_1_30c2783b80cec6839a630151766ba1cf-300x168.jpg 300w\" sizes=\"auto, (max-width: 400px) 100vw, 400px\" \/>CORYMBE \u2013 Premi\u00e8re patrouille op\u00e9rationnelle AFRICAN NEMO 2023 dans le golfe de Guin\u00e9e<\/strong><\/p>\n<p style=\"text-align: center;\"><strong>Du 6 au 17 f\u00e9vrier, la Marine nationale a particip\u00e9 \u00e0 la premi\u00e8re patrouille op\u00e9rationnelle AFRICAN NEMO de l\u2019ann\u00e9e aux c\u00f4t\u00e9s des marines du Cap-Vert, de la Gambie et du S\u00e9n\u00e9gal. Cette op\u00e9ration conjointe de lutte contre l\u2019ins\u00e9curit\u00e9 maritime avait notamment pour but de d\u00e9celer et dissuader les activit\u00e9s de p\u00eache ill\u00e9gale, non-d\u00e9clar\u00e9e et non-r\u00e9glement\u00e9e (INN) dans le golfe de Guin\u00e9e.<\/strong><\/p>\n<p>AFRICAN NEMO a \u00e9t\u00e9 organis\u00e9 par le Commandement de la zone maritime Atlantique (CECLANT) dans le cadre du Programme europ\u00e9en d\u2019am\u00e9lioration de la gouvernance r\u00e9gionale des p\u00eaches en Afrique de l\u2019Ouest (PESCAO) et en collaboration avec les organismes r\u00e9gionaux de surveillance des p\u00eaches, sous l\u2019\u00e9gide de l\u2019architecture de Yaound\u00e9.<\/p>\n<p>Ainsi, le Patrouilleur de haute mer (PHM) Premier-ma\u00eetre L\u2019Her a patrouill\u00e9 dans la Zone \u00e9conomique exclusive (ZEE) du Cap-Vert en \u00e9troite collaboration avec le centre op\u00e9rationnel de la marine capverdienne \u00e0 Praia et en embarquant un observateur de la commission sous-r\u00e9gionale des p\u00eaches.<\/p>\n<p>L\u2019avion Falcon 50 de la flottille 24F d\u00e9ploy\u00e9 \u00e0 Dakar a \u00e9galement effectu\u00e9 7 missions de police des p\u00eaches. Au d\u00e9part de Banjul et de Dakar, l\u2019\u00e9quipage a surveill\u00e9 les ZEE gambienne et s\u00e9n\u00e9galaise avec \u00e0 son bord des observateurs des p\u00eaches de chaque pays. Cette op\u00e9ration a notamment permis de rep\u00e9rer un b\u00e2timent de p\u00eache s\u00e9n\u00e9galais qui n\u2019\u00e9tait pas \u00e9quip\u00e9 d\u2019un syst\u00e8me de surveillance par satellite Vessel Monitoring System (VMS). Les observateurs des pays partenaires ont apport\u00e9 leur connaissance fine des zones de patrouille et des sp\u00e9cificit\u00e9s de la p\u00eache locale, permettant ainsi d\u2019am\u00e9liorer l\u2019efficacit\u00e9 op\u00e9rationnelle de la patrouille.<\/p>\n<p>La Marine nationale a ainsi coop\u00e9r\u00e9 avec les marines et centres de commandement du Cap-Vert, de la Gambie et du S\u00e9n\u00e9gal, ce qui a renforc\u00e9 leur efficacit\u00e9 op\u00e9rationnelle collective afin de r\u00e9pondre aux d\u00e9fis communs de lutte contre l\u2019ins\u00e9curit\u00e9 maritime dans le golfe de Guin\u00e9e. Cette premi\u00e8re patrouille op\u00e9rationnelle AFRICAN NEMO de l\u2019ann\u00e9e 2023 constitue le premier jalon de l\u2019exercice majeur GRAND AFRICAN NEMO qui se tiendra au 3e trimestre 2023.<\/p>\n<p>Depuis le sommet de Yaound\u00e9 de 2013, la Marine nationale, en coop\u00e9ration avec les organismes de l\u2019architecture de Yaound\u00e9, organise trois \u00e0 quatre fois par an les patrouilles et exercices conjoints African NEMO et un exercice annuel majeur Grand African NEMO, qui agr\u00e8ge un plus grand nombre d\u2019unit\u00e9s et de centres op\u00e9rationnels. Ces exercices r\u00e9currents alternent d\u2019une zone \u00e0 l\u2019autre du golfe de Guin\u00e9e mais toujours avec le m\u00eame objectif : contribuer au renforcement des savoir-faire des marines des \u00c9tats riverains et partenaires, et agir ensemble dans le cadre de la s\u00e9curit\u00e9 maritime.<\/p>\n<p style=\"text-align: right;\"><strong><a href=\"https:\/\/www.defense.gouv.fr\/marine\/actualites\/corymbe-premiere-patrouille-operationnelle-african-nemo-2023-golfe-guinee\" target=\"_blank\" rel=\"noopener\">Minist\u00e8re des Arm\u00e9es<\/a><\/strong><br \/>\n<a href=\"https:\/\/www.defense.gouv.fr\/marine\/actualites\/corymbe-premiere-patrouille-operationnelle-african-nemo-2023-golfe-guinee\" target=\"_blank\" rel=\"noopener\">Marine nationale<\/a><br \/>\n<a href=\"https:\/\/www.defense.gouv.fr\/marine\/actualites\/corymbe-premiere-patrouille-operationnelle-african-nemo-2023-golfe-guinee\" target=\"_blank\" rel=\"noopener\">\u00c9tat-major des Arm\u00e9es<\/a><br \/>\n22\/02\/2023<\/p>\n","protected":false},"excerpt":{"rendered":"<p>Du 6 au 17 f\u00e9vrier, la Marine nationale a particip\u00e9 \u00e0 la premi\u00e8re patrouille op\u00e9rationnelle AFRICAN NEMO de l\u2019ann\u00e9e aux c\u00f4t\u00e9s des marines du Cap-Vert, de la Gambie et du S\u00e9n\u00e9gal. Cette op\u00e9ration conjointe de lutte contre l\u2019ins\u00e9curit\u00e9 maritime avait notamment pour but de d\u00e9celer et dissuader les activit\u00e9s de p\u00eache ill\u00e9gale, non-d\u00e9clar\u00e9e et non-r\u00e9glement\u00e9e (INN) dans le golfe de Guin\u00e9e.<\/p>\n","protected":false},"author":5,"featured_media":627,"comment_status":"closed","ping_status":"open","sticky":false,"template":"","format":"standard","meta":{"_et_pb_use_builder":"","_et_pb_old_content":"","_et_gb_content_width":"","footnotes":""},"categories":[17],"tags":[],"class_list":["post-626","post","type-post","status-publish","format-standard","has-post-thumbnail","hentry","category-actualites"],"_links":{"self":[{"href":"https:\/\/swp-dev.com\/asaf-test\/wp-json\/wp\/v2\/posts\/626","targetHints":{"allow":["GET"]}}],"collection":[{"href":"https:\/\/swp-dev.com\/asaf-test\/wp-json\/wp\/v2\/posts"}],"about":[{"href":"https:\/\/swp-dev.com\/asaf-test\/wp-json\/wp\/v2\/types\/post"}],"author":[{"embeddable":true,"href":"https:\/\/swp-dev.com\/asaf-test\/wp-json\/wp\/v2\/users\/5"}],"replies":[{"embeddable":true,"href":"https:\/\/swp-dev.com\/asaf-test\/wp-json\/wp\/v2\/comments?post=626"}],"version-history":[{"count":1,"href":"https:\/\/swp-dev.com\/asaf-test\/wp-json\/wp\/v2\/posts\/626\/revisions"}],"predecessor-version":[{"id":628,"href":"https:\/\/swp-dev.com\/asaf-test\/wp-json\/wp\/v2\/posts\/626\/revisions\/628"}],"wp:featuredmedia":[{"embeddable":true,"href":"https:\/\/swp-dev.com\/asaf-test\/wp-json\/wp\/v2\/media\/627"}],"wp:attachment":[{"href":"https:\/\/swp-dev.com\/asaf-test\/wp-json\/wp\/v2\/media?parent=626"}],"wp:term":[{"taxonomy":"category","embeddable":true,"href":"https:\/\/swp-dev.com\/asaf-test\/wp-json\/wp\/v2\/categories?post=626"},{"taxonomy":"post_tag","embeddable":true,"href":"https:\/\/swp-dev.com\/asaf-test\/wp-json\/wp\/v2\/tags?post=626"}],"curies":[{"name":"wp","href":"https:\/\/api.w.org\/{rel}","templated":true}]}}